{"id":1125,"date":"2016-03-03T20:39:36","date_gmt":"2016-03-03T19:39:36","guid":{"rendered":"http:\/\/www.renaissance-vieux-boulogne.fr\/?p=1125"},"modified":"2016-03-03T20:57:26","modified_gmt":"2016-03-03T19:57:26","slug":"sortie-a-abbeville-samedi-19-mars-2016","status":"publish","type":"post","link":"https:\/\/www.renaissance-vieux-boulogne.fr\/?p=1125","title":{"rendered":"Sortie \u00e0 Abbeville samedi 19 mars 2016"},"content":{"rendered":"<p><strong>Journ\u00e9e \u00e0 Abbeville : samedi 19 mars 2016<\/strong><\/p>\n<p><strong>Des Van Robais au Si\u00e8cle des Lumi\u00e8res,<\/strong><br \/>\n<strong> Le Ch\u00e2teau et Bagatelle,<\/strong><br \/>\n<strong> L\u2019\u00e9glise du Saint S\u00e9pulcre et les vitraux d\u2019Alfred Manessier.<\/strong><\/p>\n<p>Chers amies et amis,<br \/>\nA la veille du printemps nous vous proposons une journ\u00e9e dans l\u2019ancienne capitale du Ponthieu qui malgr\u00e9 les terribles destructions de mai 1940 conserve un riche patrimoine civil et religieux t\u00e9moin de son histoire.<\/p>\n<p><strong>D\u00e9part de Boulogne, parking du ch\u00e2teau-mus\u00e9e : 8h30<\/strong>, arriv\u00e9e \u00e0 Abbeville 9h45<\/p>\n<p>De <strong>10h \u00e0 11h30<\/strong> : <strong>visite guid\u00e9e \u00e0 pied de la ville<\/strong> pour d\u00e9couvrir Abbeville au <strong>17e et 18e s<\/strong>. au temps de sa splendeur, \u00e0 travers son histoire, ses personnages, son architecture, ses h\u00f4tels particuliers. Au milieu du 17e s. Colbert, ministre de Louis XIV, invita un industriel hollandais de Middelbourg, Josse <strong>Van Robais<\/strong>, \u00e0 installer une manufacture de draps de laine tr\u00e8s fins : la Manufacture des Rames qui profitait de la pr\u00e9sence d\u2019une main d\u2019\u0153uvre qualifi\u00e9e dans cette ville. Magistrats et industriels se firent alors construire de nombreuses r\u00e9sidences en ville.<br \/>\nDe<strong> 12h00 \u00e0 13h45<\/strong> : <strong>repas<\/strong> au restaurant la R\u00f4tisserie.<br \/>\nDe <strong>14h \u00e0 15h<\/strong> : <strong>Visite guid\u00e9e de l\u2019\u00e9glise du Saint S\u00e9pulcre et des vitraux de Manessier<\/strong>. Cette petite \u00e9glise du XVe si\u00e8cle rappelle le rassemblement des Crois\u00e9s sous la conduite de Godefroy de Bouillon \u00e0 Abbeville en 1096. Elle renferme de remarquables vitraux modernes c\u00e9l\u00e9brant la victoire de la vie contre l\u2019angoisse, la souffrance et la mort.<br \/>\nDe <strong>15h30 \u00e0 16h45<\/strong> nous visiterons, sous la conduite de son propri\u00e9taire, le <strong>Ch\u00e2teau de Bagatelle<\/strong>, folie du XVIIIe s. , construite par la famille Van Robais. Vous d\u00e9couvrirez l\u2019harmonie de sa fa\u00e7ade de brique et de pierre sous un toit \u00e0 la Mansart avant d\u2019admirer \u00e0 l\u2019int\u00e9rieur les boiseries peintes et sculpt\u00e9es, le mobilier et la d\u00e9coration d\u2019\u00e9poque.<\/p>\n<p>A <strong>17h 15<\/strong> nous reprendrons la<strong> route pour Boulogne o\u00f9 nous reviendrons \u00e0 18h30.<\/strong><\/p>\n<p style=\"text-align: left;\">Co\u00fbt de la journ\u00e9e : transport, repas, visites guid\u00e9es : <strong>65 euros<\/strong>. <strong>Inscription avant le 04 mars 2016<\/strong>.<br \/>\nJe souhaite que ce projet vous s\u00e9duira et vous transmets mes amiti\u00e9s.<\/p>\n<p style=\"text-align: right;\">Yvette Talfer, Pr\u00e9sidente de RVB<\/p>\n<p style=\"text-align: center;\"><a href=\"http:\/\/www.renaissance-vieux-boulogne.fr\/wp-content\/uploads\/2016\/03\/abbeville_inscription.pdf\" rel=\"\">TELECHARGER LE BULLETIN D&rsquo;INSCRIPTION<\/a><\/p>\n","protected":false},"excerpt":{"rendered":"<p>Journ\u00e9e \u00e0 Abbeville : samedi 19 mars 2016 Des Van Robais au Si\u00e8cle des Lumi\u00e8res, Le Ch\u00e2teau et Bagatelle, L\u2019\u00e9glise du Saint S\u00e9pulcre et les vitraux d\u2019Alfred Manessier. Chers amies et amis, A la veille du printemps nous vous proposons une journ\u00e9e dans l\u2019ancienne capitale du Ponthieu qui malgr\u00e9 les terribles destructions de mai 1940 &hellip; <a href=\"https:\/\/www.renaissance-vieux-boulogne.fr\/?p=1125\" class=\"more-link\">Continuer la lecture de <span class=\"screen-reader-text\">Sortie \u00e0 Abbeville samedi 19 mars 2016<\/span>  <span class=\"meta-nav\">&rarr;<\/span><\/a><\/p>\n","protected":false},"author":1,"featured_media":1127,"comment_status":"closed","ping_status":"closed","sticky":false,"template":"","format":"standard","meta":{"footnotes":""},"categories":[1],"tags":[],"class_list":["post-1125","post","type-post","status-publish","format-standard","has-post-thumbnail","hentry","category-non-classe"],"_links":{"self":[{"href":"https:\/\/www.renaissance-vieux-boulogne.fr\/index.php?rest_route=\/wp\/v2\/posts\/1125","targetHints":{"allow":["GET"]}}],"collection":[{"href":"https:\/\/www.renaissance-vieux-boulogne.fr\/index.php?rest_route=\/wp\/v2\/posts"}],"about":[{"href":"https:\/\/www.renaissance-vieux-boulogne.fr\/index.php?rest_route=\/wp\/v2\/types\/post"}],"author":[{"embeddable":true,"href":"https:\/\/www.renaissance-vieux-boulogne.fr\/index.php?rest_route=\/wp\/v2\/users\/1"}],"replies":[{"embeddable":true,"href":"https:\/\/www.renaissance-vieux-boulogne.fr\/index.php?rest_route=%2Fwp%2Fv2%2Fcomments&post=1125"}],"version-history":[{"count":3,"href":"https:\/\/www.renaissance-vieux-boulogne.fr\/index.php?rest_route=\/wp\/v2\/posts\/1125\/revisions"}],"predecessor-version":[{"id":1130,"href":"https:\/\/www.renaissance-vieux-boulogne.fr\/index.php?rest_route=\/wp\/v2\/posts\/1125\/revisions\/1130"}],"wp:featuredmedia":[{"embeddable":true,"href":"https:\/\/www.renaissance-vieux-boulogne.fr\/index.php?rest_route=\/wp\/v2\/media\/1127"}],"wp:attachment":[{"href":"https:\/\/www.renaissance-vieux-boulogne.fr\/index.php?rest_route=%2Fwp%2Fv2%2Fmedia&parent=1125"}],"wp:term":[{"taxonomy":"category","embeddable":true,"href":"https:\/\/www.renaissance-vieux-boulogne.fr\/index.php?rest_route=%2Fwp%2Fv2%2Fcategories&post=1125"},{"taxonomy":"post_tag","embeddable":true,"href":"https:\/\/www.renaissance-vieux-boulogne.fr\/index.php?rest_route=%2Fwp%2Fv2%2Ftags&post=1125"}],"curies":[{"name":"wp","href":"https:\/\/api.w.org\/{rel}","templated":true}]}}