{"id":1132,"date":"2016-03-10T10:06:08","date_gmt":"2016-03-10T09:06:08","guid":{"rendered":"http:\/\/www.renaissance-vieux-boulogne.fr\/?p=1132"},"modified":"2016-03-10T10:13:04","modified_gmt":"2016-03-10T09:13:04","slug":"assemblee-generale-2016","status":"publish","type":"post","link":"https:\/\/www.renaissance-vieux-boulogne.fr\/?p=1132","title":{"rendered":"Assembl\u00e9e G\u00e9n\u00e9rale 2016"},"content":{"rendered":"<p style=\"text-align: center;\"><strong>Yvette Talfer<\/strong><\/p>\n<p style=\"text-align: center;\">Pr\u00e9sidente<\/p>\n<p style=\"text-align: center;\"><strong>Et les membres du Conseil d\u2019Administration<\/strong><\/p>\n<p style=\"text-align: center;\">Vous prient d\u2019honorer de votre pr\u00e9sence<\/p>\n<p style=\"text-align: center;\"><strong>L\u2019Assembl\u00e9e G\u00e9n\u00e9rale de<\/strong><\/p>\n<p style=\"text-align: center;\"><strong><em>Renaissance du Vieux Boulogne<\/em><\/strong><\/p>\n<p style=\"text-align: center;\"><strong>Le Vendredi 25 mars 2016 \u00e0 16h30<\/strong><\/p>\n<p style=\"text-align: center;\"><strong>Maison des Associations, 19 rue de Wicardenne,<\/strong><\/p>\n<p style=\"text-align: center;\"><strong>Boulogne-sur-mer<\/strong><\/p>\n<hr \/>\n<p style=\"text-align: center;\"><strong>ORDRE DU JOUR <\/strong><\/p>\n<p style=\"text-align: center;\"><strong>_ Rapport moral<\/strong><\/p>\n<p style=\"text-align: center;\"><strong>_ Rapport financier<\/strong><\/p>\n<p style=\"text-align: center;\"><strong>_Renouvellement partiel du Conseil d\u2019Administration<\/strong><\/p>\n<p style=\"text-align: center;\"><strong>_ Questions diverses<\/strong><\/p>\n<p style=\"text-align: center;\"><strong><em>Un cocktail sera offert \u00e0 l\u2019issue de cette assembl\u00e9e<\/em><\/strong><\/p>\n<p><em>\u00a0<\/em><strong>Coupon \u00e0 retourner \u00e0\u00a0: Renaissance du Vieux Boulogne, Ch\u00e2teau-Mus\u00e9e, rue de Bernet, 62200 Boulogne-sur-Mer, <u>avant le 18 mars 2016<\/u><\/strong><\/p>\n<p>Madame et (ou) Monsieur\u00a0 <strong>&#8230;&#8230;&#8230;&#8230;..<\/strong><\/p>\n<p>Assistera (ont) \u00e0 <strong><em>L\u2019Assembl\u00e9e G\u00e9n\u00e9rale de Renaissance du Vieux Boulogne<\/em><\/strong><\/p>\n<p><strong>Le Vendredi 25 mars 2016 \u00e0 16h30<\/strong><\/p>\n<p>En cas d\u2019emp\u00eachement, veuillez remplir la partie ci-dessous\u00a0:<\/p>\n<p>Donne <strong>POUVOIR <\/strong>\u00e0 M&#8230;&#8230;&#8230;&#8230;&#8230;&#8230;&#8230;&#8230;&#8230;&#8230;&#8230;&#8230;&#8230;&#8230;&#8230;&#8230;&#8230;&#8230;&#8230;&#8230;&#8230;&#8230;&#8230;&#8230;&#8230;&#8230;<\/p>\n<p>De voter en son (leur) nom \u00e0 ladite assembl\u00e9e g\u00e9n\u00e9rale<\/p>\n<p>Signature<\/p>\n<p><strong>N.B.\u00a0: Seuls sont habilit\u00e9s \u00e0 voter les adh\u00e9rents \u00e0 jour de leur cotisation<\/strong><\/p>\n<p>&nbsp;<\/p>\n<p>&nbsp;<\/p>\n","protected":false},"excerpt":{"rendered":"<p>Yvette Talfer Pr\u00e9sidente Et les membres du Conseil d\u2019Administration Vous prient d\u2019honorer de votre pr\u00e9sence L\u2019Assembl\u00e9e G\u00e9n\u00e9rale de Renaissance du Vieux Boulogne Le Vendredi 25 mars 2016 \u00e0 16h30 Maison des Associations, 19 rue de Wicardenne, Boulogne-sur-mer ORDRE DU JOUR _ Rapport moral _ Rapport financier _Renouvellement partiel du Conseil d\u2019Administration _ Questions diverses Un &hellip; <a href=\"https:\/\/www.renaissance-vieux-boulogne.fr\/?p=1132\" class=\"more-link\">Continuer la lecture de <span class=\"screen-reader-text\">Assembl\u00e9e G\u00e9n\u00e9rale 2016<\/span>  <span class=\"meta-nav\">&rarr;<\/span><\/a><\/p>\n","protected":false},"author":1,"featured_media":0,"comment_status":"closed","ping_status":"closed","sticky":false,"template":"","format":"standard","meta":{"footnotes":""},"categories":[1],"tags":[],"class_list":["post-1132","post","type-post","status-publish","format-standard","hentry","category-non-classe"],"_links":{"self":[{"href":"https:\/\/www.renaissance-vieux-boulogne.fr\/index.php?rest_route=\/wp\/v2\/posts\/1132","targetHints":{"allow":["GET"]}}],"collection":[{"href":"https:\/\/www.renaissance-vieux-boulogne.fr\/index.php?rest_route=\/wp\/v2\/posts"}],"about":[{"href":"https:\/\/www.renaissance-vieux-boulogne.fr\/index.php?rest_route=\/wp\/v2\/types\/post"}],"author":[{"embeddable":true,"href":"https:\/\/www.renaissance-vieux-boulogne.fr\/index.php?rest_route=\/wp\/v2\/users\/1"}],"replies":[{"embeddable":true,"href":"https:\/\/www.renaissance-vieux-boulogne.fr\/index.php?rest_route=%2Fwp%2Fv2%2Fcomments&post=1132"}],"version-history":[{"count":6,"href":"https:\/\/www.renaissance-vieux-boulogne.fr\/index.php?rest_route=\/wp\/v2\/posts\/1132\/revisions"}],"predecessor-version":[{"id":1141,"href":"https:\/\/www.renaissance-vieux-boulogne.fr\/index.php?rest_route=\/wp\/v2\/posts\/1132\/revisions\/1141"}],"wp:attachment":[{"href":"https:\/\/www.renaissance-vieux-boulogne.fr\/index.php?rest_route=%2Fwp%2Fv2%2Fmedia&parent=1132"}],"wp:term":[{"taxonomy":"category","embeddable":true,"href":"https:\/\/www.renaissance-vieux-boulogne.fr\/index.php?rest_route=%2Fwp%2Fv2%2Fcategories&post=1132"},{"taxonomy":"post_tag","embeddable":true,"href":"https:\/\/www.renaissance-vieux-boulogne.fr\/index.php?rest_route=%2Fwp%2Fv2%2Ftags&post=1132"}],"curies":[{"name":"wp","href":"https:\/\/api.w.org\/{rel}","templated":true}]}}