{"id":1144,"date":"2016-03-15T10:43:26","date_gmt":"2016-03-15T09:43:26","guid":{"rendered":"http:\/\/www.renaissance-vieux-boulogne.fr\/?p=1144"},"modified":"2016-03-15T10:45:56","modified_gmt":"2016-03-15T09:45:56","slug":"monseigneur-emile-lobbedey","status":"publish","type":"post","link":"https:\/\/www.renaissance-vieux-boulogne.fr\/?p=1144","title":{"rendered":"Monseigneur Emile Lobbedey"},"content":{"rendered":"<p style=\"text-align: center;\">Ev\u00eaque du dioc\u00e8se d\u2019Arras et Saint-Omer, mort \u00e0 Boulogne-sur-Mer durant la Grande Guerre et inhum\u00e9 dans la Crypte de la Basilique Notre-Dame.<\/p>\n<p style=\"text-align: center;\">par Bruno B\u00e9thouart<\/p>\n<p style=\"text-align: center;\">Professeur honoraire d\u2019Histoire \u00e0 l\u2019ULCO<\/p>\n<p style=\"text-align: center;\"><strong>Vendredi 18 mars 2016<\/strong><\/p>\n<p style=\"text-align: center;\"><strong>18h00<\/strong><\/p>\n<p style=\"text-align: center;\">Salle Cassar, Biblioth\u00e8que des Annonciades, Place de la R\u00e9sistance<\/p>\n<p style=\"text-align: center;\">Boulogne-sur-mer<\/p>\n<p style=\"text-align: center;\">Ouvert \u00e0 tous \u2013 Entr\u00e9e gratuite<\/p>\n<p>&nbsp;<\/p>\n","protected":false},"excerpt":{"rendered":"<p>Ev\u00eaque du dioc\u00e8se d\u2019Arras et Saint-Omer, mort \u00e0 Boulogne-sur-Mer durant la Grande Guerre et inhum\u00e9 dans la Crypte de la Basilique Notre-Dame. par Bruno B\u00e9thouart Professeur honoraire d\u2019Histoire \u00e0 l\u2019ULCO Vendredi 18 mars 2016 18h00 Salle Cassar, Biblioth\u00e8que des Annonciades, Place de la R\u00e9sistance Boulogne-sur-mer Ouvert \u00e0 tous \u2013 Entr\u00e9e gratuite &nbsp;<\/p>\n","protected":false},"author":1,"featured_media":1148,"comment_status":"closed","ping_status":"closed","sticky":false,"template":"","format":"standard","meta":{"footnotes":""},"categories":[7],"tags":[],"class_list":["post-1144","post","type-post","status-publish","format-standard","has-post-thumbnail","hentry","category-conference"],"_links":{"self":[{"href":"https:\/\/www.renaissance-vieux-boulogne.fr\/index.php?rest_route=\/wp\/v2\/posts\/1144","targetHints":{"allow":["GET"]}}],"collection":[{"href":"https:\/\/www.renaissance-vieux-boulogne.fr\/index.php?rest_route=\/wp\/v2\/posts"}],"about":[{"href":"https:\/\/www.renaissance-vieux-boulogne.fr\/index.php?rest_route=\/wp\/v2\/types\/post"}],"author":[{"embeddable":true,"href":"https:\/\/www.renaissance-vieux-boulogne.fr\/index.php?rest_route=\/wp\/v2\/users\/1"}],"replies":[{"embeddable":true,"href":"https:\/\/www.renaissance-vieux-boulogne.fr\/index.php?rest_route=%2Fwp%2Fv2%2Fcomments&post=1144"}],"version-history":[{"count":5,"href":"https:\/\/www.renaissance-vieux-boulogne.fr\/index.php?rest_route=\/wp\/v2\/posts\/1144\/revisions"}],"predecessor-version":[{"id":1150,"href":"https:\/\/www.renaissance-vieux-boulogne.fr\/index.php?rest_route=\/wp\/v2\/posts\/1144\/revisions\/1150"}],"wp:featuredmedia":[{"embeddable":true,"href":"https:\/\/www.renaissance-vieux-boulogne.fr\/index.php?rest_route=\/wp\/v2\/media\/1148"}],"wp:attachment":[{"href":"https:\/\/www.renaissance-vieux-boulogne.fr\/index.php?rest_route=%2Fwp%2Fv2%2Fmedia&parent=1144"}],"wp:term":[{"taxonomy":"category","embeddable":true,"href":"https:\/\/www.renaissance-vieux-boulogne.fr\/index.php?rest_route=%2Fwp%2Fv2%2Fcategories&post=1144"},{"taxonomy":"post_tag","embeddable":true,"href":"https:\/\/www.renaissance-vieux-boulogne.fr\/index.php?rest_route=%2Fwp%2Fv2%2Ftags&post=1144"}],"curies":[{"name":"wp","href":"https:\/\/api.w.org\/{rel}","templated":true}]}}