{"id":1152,"date":"2016-04-11T14:43:59","date_gmt":"2016-04-11T13:43:59","guid":{"rendered":"http:\/\/www.renaissance-vieux-boulogne.fr\/?p=1152"},"modified":"2016-06-27T20:44:47","modified_gmt":"2016-06-27T19:44:47","slug":"heinrich-heine-et-boulogne-sur-mer","status":"publish","type":"post","link":"https:\/\/www.renaissance-vieux-boulogne.fr\/?p=1152","title":{"rendered":"Heinrich Heine et Boulogne-sur-mer"},"content":{"rendered":"<p style=\"text-align: center;\">par Albrecht Von S\u00f6hnen<\/p>\n<p style=\"text-align: center;\">Historien<\/p>\n<p style=\"text-align: center;\"><a href=\"http:\/\/www.renaissance-vieux-boulogne.fr\/wp-content\/uploads\/2016\/04\/heine_boulogne.jpg\" rel=\"attachment wp-att-1156\"><img loading=\"lazy\" decoding=\"async\" class=\"alignnone size-medium wp-image-1156\" src=\"http:\/\/www.renaissance-vieux-boulogne.fr\/wp-content\/uploads\/2016\/04\/heine_boulogne-300x158.jpg\" alt=\"heine_boulogne\" width=\"300\" height=\"158\" srcset=\"https:\/\/www.renaissance-vieux-boulogne.fr\/wp-content\/uploads\/2016\/04\/heine_boulogne-300x158.jpg 300w, https:\/\/www.renaissance-vieux-boulogne.fr\/wp-content\/uploads\/2016\/04\/heine_boulogne.jpg 490w\" sizes=\"auto, (max-width: 300px) 100vw, 300px\" \/><\/a><\/p>\n<p>La conf\u00e9rence dressera un aper\u00e7u biographique du grand po\u00e8te et<\/p>\n<p>\u00e9crivain allemand Heinrich Heine, n\u00e9 \u00e0 D\u00fcsseldorf en 1797 et mort<\/p>\n<p>\u00e0 Paris en 1856, avant de pr\u00e9senter ses divers s\u00e9jours, entre 1831<\/p>\n<p>et 1842, dans \u00a0la c\u00e9l\u00e8bre station r\u00e9put\u00e9e pour ses bains de mer<\/p>\n<p>qu\u2019\u00e9tait Boulogne-sur-Mer au 19<sup>\u00e8me<\/sup> si\u00e8cle.<\/p>\n<p style=\"text-align: center;\"><strong>Vendredi 29 avril 2016<\/strong><\/p>\n<p style=\"text-align: center;\"><strong>18h00<\/strong><\/p>\n<p style=\"text-align: center;\">Salle Cassar, Biblioth\u00e8que des Annonciades, Place de la R\u00e9sistance<\/p>\n<p style=\"text-align: center;\">Boulogne-sur-mer<\/p>\n<p style=\"text-align: center;\">Ouvert \u00e0 tous \u2013 Entr\u00e9e gratuite<\/p>\n<p style=\"text-align: center;\"><a href=\"http:\/\/www.renaissance-vieux-boulogne.fr\/wp-content\/uploads\/2015\/12\/pdf_icone.jpg\" rel=\"attachment wp-att-951\"><img loading=\"lazy\" decoding=\"async\" class=\"alignnone size-full wp-image-951\" src=\"http:\/\/www.renaissance-vieux-boulogne.fr\/wp-content\/uploads\/2015\/12\/pdf_icone.jpg\" alt=\"pdf_icone\" width=\"61\" height=\"62\" \/><\/a><a href=\"http:\/\/www.renaissance-vieux-boulogne.fr\/wp-content\/uploads\/2016\/06\/Heinrich_Heine_Boulogne_conference_avril_2016.pdf\" rel=\"\"><strong>Lire le texte de la conf\u00e9rence<\/strong>\u00a0<\/a><\/p>\n","protected":false},"excerpt":{"rendered":"<p>par Albrecht Von S\u00f6hnen Historien La conf\u00e9rence dressera un aper\u00e7u biographique du grand po\u00e8te et \u00e9crivain allemand Heinrich Heine, n\u00e9 \u00e0 D\u00fcsseldorf en 1797 et mort \u00e0 Paris en 1856, avant de pr\u00e9senter ses divers s\u00e9jours, entre 1831 et 1842, dans \u00a0la c\u00e9l\u00e8bre station r\u00e9put\u00e9e pour ses bains de mer qu\u2019\u00e9tait Boulogne-sur-Mer au 19\u00e8me si\u00e8cle. &hellip; <a href=\"https:\/\/www.renaissance-vieux-boulogne.fr\/?p=1152\" class=\"more-link\">Continuer la lecture de <span class=\"screen-reader-text\">Heinrich Heine et Boulogne-sur-mer<\/span>  <span class=\"meta-nav\">&rarr;<\/span><\/a><\/p>\n","protected":false},"author":1,"featured_media":0,"comment_status":"closed","ping_status":"closed","sticky":false,"template":"","format":"standard","meta":{"footnotes":""},"categories":[7],"tags":[],"class_list":["post-1152","post","type-post","status-publish","format-standard","hentry","category-conference"],"_links":{"self":[{"href":"https:\/\/www.renaissance-vieux-boulogne.fr\/index.php?rest_route=\/wp\/v2\/posts\/1152","targetHints":{"allow":["GET"]}}],"collection":[{"href":"https:\/\/www.renaissance-vieux-boulogne.fr\/index.php?rest_route=\/wp\/v2\/posts"}],"about":[{"href":"https:\/\/www.renaissance-vieux-boulogne.fr\/index.php?rest_route=\/wp\/v2\/types\/post"}],"author":[{"embeddable":true,"href":"https:\/\/www.renaissance-vieux-boulogne.fr\/index.php?rest_route=\/wp\/v2\/users\/1"}],"replies":[{"embeddable":true,"href":"https:\/\/www.renaissance-vieux-boulogne.fr\/index.php?rest_route=%2Fwp%2Fv2%2Fcomments&post=1152"}],"version-history":[{"count":7,"href":"https:\/\/www.renaissance-vieux-boulogne.fr\/index.php?rest_route=\/wp\/v2\/posts\/1152\/revisions"}],"predecessor-version":[{"id":1201,"href":"https:\/\/www.renaissance-vieux-boulogne.fr\/index.php?rest_route=\/wp\/v2\/posts\/1152\/revisions\/1201"}],"wp:attachment":[{"href":"https:\/\/www.renaissance-vieux-boulogne.fr\/index.php?rest_route=%2Fwp%2Fv2%2Fmedia&parent=1152"}],"wp:term":[{"taxonomy":"category","embeddable":true,"href":"https:\/\/www.renaissance-vieux-boulogne.fr\/index.php?rest_route=%2Fwp%2Fv2%2Fcategories&post=1152"},{"taxonomy":"post_tag","embeddable":true,"href":"https:\/\/www.renaissance-vieux-boulogne.fr\/index.php?rest_route=%2Fwp%2Fv2%2Ftags&post=1152"}],"curies":[{"name":"wp","href":"https:\/\/api.w.org\/{rel}","templated":true}]}}