{"id":1174,"date":"2016-06-08T08:40:59","date_gmt":"2016-06-08T07:40:59","guid":{"rendered":"http:\/\/www.renaissance-vieux-boulogne.fr\/?p=1174"},"modified":"2016-06-08T21:59:35","modified_gmt":"2016-06-08T20:59:35","slug":"1791-la-derniere-annee-de-mozart","status":"publish","type":"post","link":"https:\/\/www.renaissance-vieux-boulogne.fr\/?p=1174","title":{"rendered":"1791, la derni\u00e8re ann\u00e9e de Mozart"},"content":{"rendered":"<p style=\"text-align: center;\"><strong>par <a href=\"http:\/\/www.renaissance-vieux-boulogne.fr\/?p=351\" target=\"_blank\">Dominique Ghesqui\u00e8re<\/a><\/strong><\/p>\n<p style=\"text-align: center;\">Sp\u00e9cialiste de l&rsquo;Op\u00e9ra Comique<\/p>\n<p style=\"text-align: center;\"><a href=\"http:\/\/www.renaissance-vieux-boulogne.fr\/wp-content\/uploads\/2016\/06\/image_annonce.jpg\" rel=\"attachment wp-att-1186\"><img loading=\"lazy\" decoding=\"async\" class=\"alignnone size-medium wp-image-1186\" src=\"http:\/\/www.renaissance-vieux-boulogne.fr\/wp-content\/uploads\/2016\/06\/image_annonce-300x198.jpg\" alt=\"image_annonce\" width=\"300\" height=\"198\" srcset=\"https:\/\/www.renaissance-vieux-boulogne.fr\/wp-content\/uploads\/2016\/06\/image_annonce-300x198.jpg 300w, https:\/\/www.renaissance-vieux-boulogne.fr\/wp-content\/uploads\/2016\/06\/image_annonce-768x507.jpg 768w, https:\/\/www.renaissance-vieux-boulogne.fr\/wp-content\/uploads\/2016\/06\/image_annonce.jpg 1024w\" sizes=\"auto, (max-width: 300px) 100vw, 300px\" \/><\/a><\/p>\n<div>1791 : Mozart a trente cinq ans. Trente cinq ann\u00e9es au service de la musique, trente cinq ann\u00e9es de compositions, de concerts, de th\u00e9\u00e2tres, et de tourn\u00e9es \u00e0 travers l&rsquo;Europe. 1791, derni\u00e8re ann\u00e9e de Mozart o\u00f9 les tourments professionnels et les rivalit\u00e9s se conjuguent aux soucis p\u00e9cuniaires, aux ennuis de sant\u00e9 et \u00e0 une effroyable course contre le temps. Pour tenter d&rsquo;honorer ses contrats, le musicien ira jusqu&rsquo;\u00e0 l&rsquo;ext\u00e9nuation qui aura raison de lui&#8230; Mais sa mort a-t-elle d&rsquo; autres causes ?<\/div>\n<div>Un regard sur les ultimes chefs-d\u2019\u0153uvre du compositeur et sur leur gen\u00e8se ainsi que sur le parcours mozartien des derniers mois : tels sont les th\u00e8mes de la conf\u00e9rence.<\/div>\n<div><\/div>\n<p style=\"text-align: center;\"><strong>Vendredi 10 juin 2016<\/strong><\/p>\n<p style=\"text-align: center;\"><strong>18h00<\/strong><\/p>\n<p style=\"text-align: center;\">Salle Cassar, Biblioth\u00e8que des Annonciades, Place de la R\u00e9sistance<\/p>\n<p style=\"text-align: center;\">Boulogne-sur-mer<\/p>\n<p style=\"text-align: center;\">Ouvert \u00e0 tous \u2013 Entr\u00e9e gratuite<\/p>\n","protected":false},"excerpt":{"rendered":"<p>par Dominique Ghesqui\u00e8re Sp\u00e9cialiste de l&rsquo;Op\u00e9ra Comique 1791 : Mozart a trente cinq ans. Trente cinq ann\u00e9es au service de la musique, trente cinq ann\u00e9es de compositions, de concerts, de th\u00e9\u00e2tres, et de tourn\u00e9es \u00e0 travers l&rsquo;Europe. 1791, derni\u00e8re ann\u00e9e de Mozart o\u00f9 les tourments professionnels et les rivalit\u00e9s se conjuguent aux soucis p\u00e9cuniaires, aux &hellip; <a href=\"https:\/\/www.renaissance-vieux-boulogne.fr\/?p=1174\" class=\"more-link\">Continuer la lecture de <span class=\"screen-reader-text\">1791, la derni\u00e8re ann\u00e9e de Mozart<\/span>  <span class=\"meta-nav\">&rarr;<\/span><\/a><\/p>\n","protected":false},"author":1,"featured_media":0,"comment_status":"closed","ping_status":"closed","sticky":false,"template":"","format":"standard","meta":{"footnotes":""},"categories":[7],"tags":[],"class_list":["post-1174","post","type-post","status-publish","format-standard","hentry","category-conference"],"_links":{"self":[{"href":"https:\/\/www.renaissance-vieux-boulogne.fr\/index.php?rest_route=\/wp\/v2\/posts\/1174","targetHints":{"allow":["GET"]}}],"collection":[{"href":"https:\/\/www.renaissance-vieux-boulogne.fr\/index.php?rest_route=\/wp\/v2\/posts"}],"about":[{"href":"https:\/\/www.renaissance-vieux-boulogne.fr\/index.php?rest_route=\/wp\/v2\/types\/post"}],"author":[{"embeddable":true,"href":"https:\/\/www.renaissance-vieux-boulogne.fr\/index.php?rest_route=\/wp\/v2\/users\/1"}],"replies":[{"embeddable":true,"href":"https:\/\/www.renaissance-vieux-boulogne.fr\/index.php?rest_route=%2Fwp%2Fv2%2Fcomments&post=1174"}],"version-history":[{"count":5,"href":"https:\/\/www.renaissance-vieux-boulogne.fr\/index.php?rest_route=\/wp\/v2\/posts\/1174\/revisions"}],"predecessor-version":[{"id":1187,"href":"https:\/\/www.renaissance-vieux-boulogne.fr\/index.php?rest_route=\/wp\/v2\/posts\/1174\/revisions\/1187"}],"wp:attachment":[{"href":"https:\/\/www.renaissance-vieux-boulogne.fr\/index.php?rest_route=%2Fwp%2Fv2%2Fmedia&parent=1174"}],"wp:term":[{"taxonomy":"category","embeddable":true,"href":"https:\/\/www.renaissance-vieux-boulogne.fr\/index.php?rest_route=%2Fwp%2Fv2%2Fcategories&post=1174"},{"taxonomy":"post_tag","embeddable":true,"href":"https:\/\/www.renaissance-vieux-boulogne.fr\/index.php?rest_route=%2Fwp%2Fv2%2Ftags&post=1174"}],"curies":[{"name":"wp","href":"https:\/\/api.w.org\/{rel}","templated":true}]}}