{"id":1240,"date":"2016-10-17T20:03:45","date_gmt":"2016-10-17T19:03:45","guid":{"rendered":"http:\/\/www.renaissance-vieux-boulogne.fr\/?p=1240"},"modified":"2017-07-15T15:06:26","modified_gmt":"2017-07-15T14:06:26","slug":"le-front-populaire-enjeux-nationaux-et-repercussions-boulonnaises","status":"publish","type":"post","link":"https:\/\/www.renaissance-vieux-boulogne.fr\/?p=1240","title":{"rendered":"Le Front Populaire, Enjeux nationaux et r\u00e9percussions boulonnaises"},"content":{"rendered":"<p style=\"text-align: center;\">Par<\/p>\n<p style=\"text-align: center;\">Jean-Pierre Dournel<\/p>\n<p style=\"text-align: center;\">Professeur Honoraire au Lyc\u00e9e Mariette<\/p>\n<p style=\"text-align: center;\">Le Vendredi 18 novembre 2016<\/p>\n<p style=\"text-align: center;\">\u00a0A 18 heures<\/p>\n<p style=\"text-align: center;\"><strong>\u00a0<\/strong>Salle Cassar, Biblioth\u00e8que des Annonciades<\/p>\n<p style=\"text-align: center;\">Place de la R\u00e9sistance<\/p>\n<p style=\"text-align: center;\">Boulogne-sur-mer<\/p>\n<p style=\"text-align: center;\">Entr\u00e9e libre<\/p>\n<p style=\"text-align: left;\"><img loading=\"lazy\" decoding=\"async\" class=\"wp-image-1246 aligncenter\" src=\"http:\/\/www.renaissance-vieux-boulogne.fr\/wp-content\/uploads\/2016\/10\/image_front_popul-300x221.jpg\" alt=\"image_front_popul\" width=\"300\" height=\"221\" srcset=\"https:\/\/www.renaissance-vieux-boulogne.fr\/wp-content\/uploads\/2016\/10\/image_front_popul-300x221.jpg 300w, https:\/\/www.renaissance-vieux-boulogne.fr\/wp-content\/uploads\/2016\/10\/image_front_popul-768x566.jpg 768w, https:\/\/www.renaissance-vieux-boulogne.fr\/wp-content\/uploads\/2016\/10\/image_front_popul.jpg 1010w\" sizes=\"auto, (max-width: 300px) 100vw, 300px\" \/><\/p>\n<p style=\"text-align: left;\">Il y a 80 ans le Front Populaire, victorieux lors des \u00e9lections l\u00e9gislatives des 6 avril et 3 mai 1936, d\u00e9bouchait sur la formation d&rsquo;un gouvernement de gauche, pr\u00e9sid\u00e9 pour la premi\u00e8re fois sous la IIIe R\u00e9publique par un Socialiste, et soutenu par le Parti communiste.<br \/>\nNi alternance politique ordinaire, ni R\u00e9volution, le Front Populaire fut d&rsquo;abord une coalition \u00e9lectorale entre trois partis qui avaient jusque-l\u00e0 entre eux de profondes divergences, mais qui ont su momentan\u00e9ment les d\u00e9passer dans un contexte national marqu\u00e9 par la crise \u00e9conomique des ann\u00e9es 30, la menace fasciste et la mont\u00e9e des p\u00e9rils au plan international. Ce fut aussi un mouvement social sans pr\u00e9c\u00e9dent qui fut v\u00e9cu comme une f\u00eate par ses acteurs, suscita des espoirs au sein de ce qu&rsquo;on appelait alors la classe\u00a0 ouvri\u00e8re&#8230; et parfois bien des frayeurs dans d&rsquo;autres couches de la soci\u00e9t\u00e9, bien qu&rsquo;il f\u00fbt un mouvement pacifique.<!--more--><\/p>\n<p>Mais si le Front populaire a \u00e9t\u00e9 un moment historique de courte dur\u00e9e, il a d\u00e9bouch\u00e9 sur des acquis sociaux dont certains font aujourd&rsquo;hui l&rsquo;unanimit\u00e9 (les cong\u00e9s pay\u00e9s), tandis que d&rsquo;autres restent controvers\u00e9s (les 40 heures)\u00a0: \u00ab\u00a0une embellie dans des vies difficiles et obscures\u00a0\u00bb, selon l&rsquo;heureuse expression de L\u00e9on Blum. Au-del\u00e0, il reste une m\u00e9moire encore vive au sein du \u00ab\u00a0peuple de gauche\u00a0\u00bb, m\u00ealant fiert\u00e9, nostalgie et regrets. Le Front Populaire aura aussi \u00e9t\u00e9 une exp\u00e9rience politique originale portant au pouvoir des hommes qui, sur le plan id\u00e9ologique, condamnaient le syst\u00e8me \u00e9conomique et social en vigueur mais acceptaient d&rsquo;agir \u00e0 l&rsquo;int\u00e9rieur de celui-ci, au mieux des int\u00e9r\u00eats du monde du travail. Peut-on dire, avec le recul, qu&rsquo;il fut l&rsquo;acte de naissance de la \u00ab\u00a0gauche de gouvernement\u00a0\u00bb\u00a0?<\/p>\n<p>A Boulogne, le Front Populaire a \u00e9t\u00e9 v\u00e9cu avec la m\u00eame intensit\u00e9 qu&rsquo;au plan national, bien qu&rsquo;il n&rsquo;ait pas d\u00e9bouch\u00e9 sur l&rsquo;\u00e9lection d&rsquo;un d\u00e9put\u00e9 de gauche. Comme dans le reste du pays, les\u00a0 gr\u00e8ves ont \u00e9t\u00e9 nombreuses, notamment sur le port. Elles se sont prolong\u00e9es durant l\u2019\u00e9t\u00e9, et certaines jusqu&rsquo;\u00e0 la fin de l&rsquo;ann\u00e9e 1936, exprimant une vigilance ouvri\u00e8re face \u00e0 un patronat soup\u00e7onn\u00e9 de mauvaise volont\u00e9 quant \u00e0 l&rsquo;application des accords Matignon.<br \/>\nC&rsquo;est \u00e0 l&rsquo;intersection entre \u00e9v\u00e9nements nationaux et p\u00e9rip\u00e9ties locales que se situe la conf\u00e9rence de Jean-Pierre Dournel.<\/p>\n<p>&nbsp;<\/p>\n","protected":false},"excerpt":{"rendered":"<p>Par Jean-Pierre Dournel Professeur Honoraire au Lyc\u00e9e Mariette Le Vendredi 18 novembre 2016 \u00a0A 18 heures \u00a0Salle Cassar, Biblioth\u00e8que des Annonciades Place de la R\u00e9sistance Boulogne-sur-mer Entr\u00e9e libre Il y a 80 ans le Front Populaire, victorieux lors des \u00e9lections l\u00e9gislatives des 6 avril et 3 mai 1936, d\u00e9bouchait sur la formation d&rsquo;un gouvernement de &hellip; <a href=\"https:\/\/www.renaissance-vieux-boulogne.fr\/?p=1240\" class=\"more-link\">Continuer la lecture de <span class=\"screen-reader-text\">Le Front Populaire, Enjeux nationaux et r\u00e9percussions boulonnaises<\/span>  <span class=\"meta-nav\">&rarr;<\/span><\/a><\/p>\n","protected":false},"author":1,"featured_media":0,"comment_status":"closed","ping_status":"closed","sticky":false,"template":"","format":"standard","meta":{"footnotes":""},"categories":[7],"tags":[],"class_list":["post-1240","post","type-post","status-publish","format-standard","hentry","category-conference"],"_links":{"self":[{"href":"https:\/\/www.renaissance-vieux-boulogne.fr\/index.php?rest_route=\/wp\/v2\/posts\/1240","targetHints":{"allow":["GET"]}}],"collection":[{"href":"https:\/\/www.renaissance-vieux-boulogne.fr\/index.php?rest_route=\/wp\/v2\/posts"}],"about":[{"href":"https:\/\/www.renaissance-vieux-boulogne.fr\/index.php?rest_route=\/wp\/v2\/types\/post"}],"author":[{"embeddable":true,"href":"https:\/\/www.renaissance-vieux-boulogne.fr\/index.php?rest_route=\/wp\/v2\/users\/1"}],"replies":[{"embeddable":true,"href":"https:\/\/www.renaissance-vieux-boulogne.fr\/index.php?rest_route=%2Fwp%2Fv2%2Fcomments&post=1240"}],"version-history":[{"count":10,"href":"https:\/\/www.renaissance-vieux-boulogne.fr\/index.php?rest_route=\/wp\/v2\/posts\/1240\/revisions"}],"predecessor-version":[{"id":1313,"href":"https:\/\/www.renaissance-vieux-boulogne.fr\/index.php?rest_route=\/wp\/v2\/posts\/1240\/revisions\/1313"}],"wp:attachment":[{"href":"https:\/\/www.renaissance-vieux-boulogne.fr\/index.php?rest_route=%2Fwp%2Fv2%2Fmedia&parent=1240"}],"wp:term":[{"taxonomy":"category","embeddable":true,"href":"https:\/\/www.renaissance-vieux-boulogne.fr\/index.php?rest_route=%2Fwp%2Fv2%2Fcategories&post=1240"},{"taxonomy":"post_tag","embeddable":true,"href":"https:\/\/www.renaissance-vieux-boulogne.fr\/index.php?rest_route=%2Fwp%2Fv2%2Ftags&post=1240"}],"curies":[{"name":"wp","href":"https:\/\/api.w.org\/{rel}","templated":true}]}}