{"id":1303,"date":"2017-04-07T14:45:45","date_gmt":"2017-04-07T13:45:45","guid":{"rendered":"http:\/\/www.renaissance-vieux-boulogne.fr\/?p=1303"},"modified":"2017-07-15T15:04:27","modified_gmt":"2017-07-15T14:04:27","slug":"assemblee-generale-2017","status":"publish","type":"post","link":"https:\/\/www.renaissance-vieux-boulogne.fr\/?p=1303","title":{"rendered":"Assembl\u00e9e G\u00e9n\u00e9rale 2017"},"content":{"rendered":"<p style=\"text-align: center;\">Assembl\u00e9e G\u00e9n\u00e9rale du 31 Mars 2017<\/p>\n<p style=\"text-align: center;\">Compte-rendu<\/p>\n<p style=\"text-align: left;\">Madame Yvette Talfer, pr\u00e9sidente de Renaissance du Vieux Boulogne, souhaite la bienvenue aux adh\u00e9rents pr\u00e9sents \u00e0 la Maison des Associations. Elle est accompagn\u00e9e des membres du Bureau\u00a0: Monsieur Jean-Pierre Tancr\u00e9, responsable de la publication des \u00ab\u00a0Cahiers du Patrimoine Boulonnais\u00a0\u00bb et Madame Fran\u00e7oise Watel, tr\u00e9sori\u00e8re. Elle pr\u00e9sente les excuses de Madame Anne-Marie Cojez, secr\u00e9taire charg\u00e9e du site de RVB, mais actuellement absente.<!--more--><\/p>\n<p style=\"text-align: left;\"><strong>Rapport Moral<\/strong><\/p>\n<p style=\"text-align: left;\">Trois d\u00e9c\u00e8s r\u00e9cents ont endeuill\u00e9 notre association : ceux de Monsieur Pierre Verschelde, de Monsieur Bernard Ducloy et de Madame Andr\u00e9e Farce. Les repr\u00e9sentants de RVB \u00e9taient pr\u00e9sents \u00e0 leurs obs\u00e8ques et ont exprim\u00e9 aux familles leurs condol\u00e9ances au nom des membres de l\u2019association.<\/p>\n<p style=\"text-align: left;\">Madame Andr\u00e9e Farce est d\u00e9c\u00e9d\u00e9e le 5 f\u00e9vrier 2017 \u00e0 l\u2019\u00e2ge de 89 ans. Elle a pr\u00e9sid\u00e9 notre association de 1992 \u00e0 2009, succ\u00e9dant \u00e0 Monsieur Lesage et \u00e0 Madame Wable, qui fut la premi\u00e8re pr\u00e9sidente de RVB d\u00e8s sa cr\u00e9ation en 1973. Andr\u00e9e a laiss\u00e9 \u00e0 beaucoup d\u2019entre nous l\u2019image d\u2019une femme intelligente, tr\u00e8s engag\u00e9e dans la d\u00e9fense et l\u2019animation du patrimoine boulonnais. Apr\u00e8s une carri\u00e8re d\u2019enseignante, comme professeur d\u2019anglais, notamment au lyc\u00e9e Angellier, Andr\u00e9e est devenue guide du patrimoine et du mus\u00e9e. Pour les adh\u00e9rents de RVB elle a, en compagnie de Madame Lise Milliner, organis\u00e9 de nombreux voyages en France et des sorties dans la r\u00e9gion. Les plus anciens de RVB en conservent le meilleur souvenir. Elle s\u2019est \u00e9teinte brutalement, quittant un monde dans lequel elle avait perdu ses rep\u00e8res. Nous garderons d\u2019elle l\u2019image d\u2019une femme active et d\u00e9vou\u00e9e.<\/p>\n<p style=\"text-align: left;\"><strong>La vie de l\u2019association<br \/>\n<\/strong><\/p>\n<p style=\"text-align: left;\"><strong>Les adh\u00e9rents <\/strong>: En ce d\u00e9but d\u2019ann\u00e9e 2017 Renaissance du Vieux Boulogne compte <strong>130 adh\u00e9rents, effectif<\/strong> <strong>stable<\/strong> par comparaison avec 2016.<\/p>\n<p style=\"text-align: left;\">Monsieur Jean-Pierre Tancr\u00e9 rappelle <strong>la publication des \u00ab Cahiers \u00bb n\u00b0 73 et 74 en juin et<\/strong> <strong>d\u00e9cembre 2016.<\/strong> Ceux-ci pr\u00e9sentaient des articles vari\u00e9s\u00a0:<\/p>\n<p style=\"text-align: left;\">Dans le n\u00b0 73\u00a0de juin 2016<\/p>\n<p style=\"text-align: left;\">\u00ab\u00a0<em>Les Chapitaux Tudor\u00a0expos\u00e9s dans la crypte de la basilique Notre-Dame de Boulogne-sur<\/em>&#8211;<em>Mer<\/em>\u00a0\u00bb\u00a0par Monsieur Rapha\u00ebl Willay.<\/p>\n<p style=\"text-align: left;\">\u00ab\u00a0<em>Les \u00e9crivains anglais \u00e0 Boulogne-sur-Mer aux XVIII\u00e8me et XIX\u00e8me si\u00e8cles\u00a0<\/em>\u00bb par Madame Anne-Marie Cojez.<\/p>\n<p style=\"text-align: left;\">\u00ab <em>Les \u00e9tablissements scolaires et les pensionnats anglais \u00e0 Boulogne-sur-Mer au XIX\u00e8me<\/em> <em>si\u00e8cle\u00a0<\/em>\u00bb par Madame Emilie Perrichon.<\/p>\n<p style=\"text-align: left;\">\u00ab <em>Les Expositions Internationales des Beaux- Arts \u00e0 Boulogne-sur-Mer : 1887, 1901<\/em> \u00bb par Monsieur J\u00e9r\u00f4me Fourmanoir.<\/p>\n<p style=\"text-align: left;\">Dans le n\u00b0 74\u00a0de d\u00e9cembre 2016<\/p>\n<p style=\"text-align: left;\">\u00ab <em>Les ann\u00e9es boulonnaises d\u2019Alexandre Guillemant \u00bb, pour le 180<sup>\u00e8me<\/sup> anniversaire de sa<\/em> <em>naissance<\/em>, par Monsieur Etienne Delahaye.<\/p>\n<p style=\"text-align: left;\">\u00ab\u00a0<em>Quand le th\u00e9\u00e2tre h\u00e9bergeait le casino\u00a0<\/em>\u00bb par Monsieur Daniel Tintillier.<\/p>\n<p style=\"text-align: left;\">\u00ab\u00a0<em>Les Desandrouin dans le Boulonnais au XVIII\u00e8me si\u00e8cle, des d\u00e9buts fulgurants\u00a0<\/em>\u00bb par Monsieur St\u00e9phane Palaude.<\/p>\n<p style=\"text-align: left;\">Monsieur Tancr\u00e9 se r\u00e9jouit de la g\u00e9n\u00e9rosit\u00e9 des auteurs qui lui proposent leurs articles.<\/p>\n<p style=\"text-align: left;\"><strong>En 2016, 8 conf\u00e9rences ont \u00e9t\u00e9 organis\u00e9es<\/strong> de janvier \u00e0 juin puis en novembre et d\u00e9cembre, dans la salle Cassar de la Biblioth\u00e8que Municipale. Salle mise gracieusement \u00e0 notre disposition par la Municipalit\u00e9 de Boulogne.<\/p>\n<p style=\"text-align: left;\">Le vendredi 8 janvier\u00a0:\u00ab\u00a0<em>La collection Charles Lebeau au Mus\u00e9e de Boulogne\u00a0<\/em>\u00bb par Monsieur J\u00e9r\u00f4me Fourmanoir\u00a0\u00bb.<\/p>\n<p style=\"text-align: left;\">Le vendredi 26 f\u00e9vrier\u00a0: \u00ab\u00a0<em>Confr\u00e9ries et f\u00eates \u00e0 Boulogne au Moyen-Age et au XVI\u00e8me si\u00e8cle\u00a0<\/em>\u00bb par Madame Isabelle Clauzel.<\/p>\n<p style=\"text-align: left;\">Le vendredi 18 mars\u00a0: \u00ab\u00a0<em>Mgr. Lobbedey, \u00e9v\u00eaque du dioc\u00e8se d\u2019Arras et Saint-Omer, mort \u00e0<\/em> <em>Boulogne-sur-Mer durant la Grande Guerre et inhum\u00e9 dans la Cath\u00e9drale <\/em>\u00bb par Monsieur Bruno B\u00e9thouart\u00a0.<\/p>\n<p style=\"text-align: left;\">Le vendredi 29 avril\u00a0:\u00a0<em>\u00ab\u00a0Henrich Heine et Boulogne-sur-Mer\u00a0: quand le c\u00e9l\u00e8bre po\u00e8te allemand<\/em>, <em>exil\u00e9 \u00e0 Paris d\u00e8s 1831, aimait prendre les eaux \u00e0 Boulogne-sur-Mer\u00a0<\/em>\u00bb par Monsieur Albrecht Von Soehnen.<\/p>\n<p style=\"text-align: left;\">Le vendredi 20 mai\u00a0: \u00ab\u00a0<em>Manoirs et gentilhommi\u00e8res de la campagne boulonnaise, suite\u00a0<\/em>\u00bb par Monsieur Michel Parenty\u00a0.<\/p>\n<p style=\"text-align: left;\">Le vendredi 10 juin\u00a0: \u00ab\u00a0<em>1791 et les ultimes chefs-d\u2019\u0153uvre de Mozart\u00a0<\/em>\u00bb par Monsieur Dominique Ghesqui\u00e8re.<\/p>\n<p style=\"text-align: left;\">Le vendredi 18 novembre\u00a0: \u00ab\u00a0<em>1936, le Front Populaire en France et \u00e0 Boulogne\u00a0<\/em>\u00bb par Monsieur Jean-Pierre Dournel.<\/p>\n<p style=\"text-align: left;\">Le vendredi 2 d\u00e9cembre\u00a0: \u00ab\u00a0<em>Histoire de la f\u00eate foraine \u00e0 Boulogne\u00a0<\/em>\u00bb par Monsieur Daniel Tintillier.<\/p>\n<p style=\"text-align: left;\">La Pr\u00e9sidente se r\u00e9jouit de pouvoir compter sur la disponibilit\u00e9 des nombreux conf\u00e9renciers qui proposent aux amateurs d\u2019histoire le fruit de leurs recherches, aussi diverses qu\u2019enrichissantes.<\/p>\n<p style=\"text-align: left;\"><strong>Le site internet de \u00ab\u00a0Renaissance du Vieux Boulogne\u00a0<\/strong>\u00bb doit \u00eatre mis \u00e0 jour au d\u00e9but de l\u2019\u00e9t\u00e9 2017. Tenu par Madame Anne-Marie Cojez, il pr\u00e9sente de nombreuses informations sur les activit\u00e9s propos\u00e9es par notre association et permet d\u2019y trouver la liste compl\u00e8te des articles publi\u00e9s dans les \u00ab\u00a0Cahiers\u00a0\u00bb.<\/p>\n<p style=\"text-align: left;\"><strong>Les sorties organis\u00e9es par RVB en 2016<\/strong><\/p>\n<p style=\"text-align: left;\">Samedi 11 f\u00e9vrier\u00a0: \u00ab\u00a0<strong>Abbeville,<\/strong> visite guid\u00e9e de la ville des Van Robais\u00a0: les h\u00f4tels particuliers des 17 et 18\u00e8mes si\u00e8cles puis les vitaux de Manessier dans l\u2019\u00e9glise du Saint-S\u00e9pulcre avant la visite du ch\u00e2teau de Bagatelle, histoire, int\u00e9rieur et parc\u00a0\u00bb. Cette sortie a attir\u00e9 33 adh\u00e9rents.<\/p>\n<p style=\"text-align: left;\">Vendredi 27 mai\u00a0: \u00ab\u00a0<strong>Villeneuve d\u2019Ascq\u00a0<\/strong>: d\u00e9couverte guid\u00e9e, en autocar de la \u00ab\u00a0ville nouvelle\u00a0\u00bb cr\u00e9\u00e9e dans les ann\u00e9es 1960, puis visite guid\u00e9e du LAM et de l\u2019exposition consacr\u00e9e \u00e0 Modigliani\u00a0\u00bb. Seuls 16 adh\u00e9rents y ont particip\u00e9 et ont pu profiter de ces visites passionnantes.<\/p>\n<p style=\"text-align: left;\">Samedi 3 d\u00e9cembre\u00a0: \u00ab\u00a0Journ\u00e9e \u00e0 <strong>Gand<\/strong> pour une visite guid\u00e9e de la cath\u00e9drale et de sa crypte suivie d\u2019une pr\u00e9sentation du fameux <em>Retable de l\u2019Agneau mystique\u00a0 des fr\u00e8res Van Eyck<\/em>, puis de la ville ancienne\u00a0: H\u00f4tel de Ville et fa\u00e7ades remarquables. L\u2019exposition \u00ab\u00a0Entre Dieu et l\u2019argent, l\u2019\u00e2ge d\u2019or des Pays-Bas m\u00e9ridionaux \u00bb r\u00e9servait de belles d\u00e9couvertes \u00e0 l\u2019aide d\u2019un audio-guide. Malgr\u00e9 le froid les 26 participants ont \u00e9t\u00e9 tr\u00e8s satisfaits de cette journ\u00e9e en Flandre.<\/p>\n<p style=\"text-align: left;\">Lors de nos sorties le repas au restaurant est toujours compris ce qui permet un temps de repos et d\u2019\u00e9changes.<\/p>\n<p style=\"text-align: left;\"><strong>L\u2019accueil \u00e0 la permanence au Ch\u00e2teau-Mus\u00e9e<\/strong> se tient toujours le vendredi de 14h30 \u00e0 16h30 sauf pendant les vacances scolaires. Il permet de rencontrer les adh\u00e9rents et de renseigner les personnes qui souhaitent des informations sur l\u2019histoire et le patrimoine de notre ville.<\/p>\n<p style=\"text-align: left;\"><strong>Le repas annuel<\/strong> a r\u00e9uni une quarantaine d\u2019adh\u00e9rents, le samedi 31 janvier, au Grand Restaurant Hamiot dans une ambiance comme toujours tr\u00e8s conviviale.<\/p>\n<p style=\"text-align: left;\"><em>L\u2019Assembl\u00e9e des adh\u00e9rents est alors invit\u00e9e \u00e0 voter ce rapport apr\u00e8s d\u2019\u00e9ventuelles demandes de pr\u00e9cisions. Le rapport moral est approuv\u00e9 \u00e0 l\u2019unanimit\u00e9.<\/em><\/p>\n<p style=\"text-align: left;\"><em>\u00a0<\/em><strong>La composition du Conseil d\u2019administration\u00a0<\/strong>:<\/p>\n<p style=\"text-align: left;\">Il compte 11 membres dont 6 sont renouvelables en 2017 : Mesdames Anne-Marie Cojez, Marie-Dominique Lobry, Yvette Talfer et Fran\u00e7oise Watel ainsi que Messieurs Paul Stahl et Jean-Pierre Tancr\u00e9. Tous sollicitent le renouvellement de leur mandat pour 3 ans.<\/p>\n<p style=\"text-align: left;\"><em>L\u2019Assembl\u00e9e vote le renouvellement pour ces 6 membres du CA.<\/em><\/p>\n<p style=\"text-align: left;\"><em>\u00a0<\/em><strong>Le rapport financier<\/strong> est pr\u00e9sent\u00e9 \u00e0 l\u2019Assembl\u00e9e par Madame Fran\u00e7oise Watel, tr\u00e9sori\u00e8re.<\/p>\n<p style=\"text-align: left;\">Afin de r\u00e9duire le d\u00e9ficit il est propos\u00e9 une augmentation de la cotisation annuelle pour 2018\u00a0:<\/p>\n<p style=\"text-align: left;\">Le montant de l\u2019adh\u00e9sion passera \u00e0 27 euros pour une personne et \u00e0 32 euros pour un couple. Il est rappel\u00e9 que le principal poste de d\u00e9penses est la publication des Cahiers du Patrimoine Boulonnais. Chaque adh\u00e9rent en re\u00e7oit deux par an, en juin et d\u00e9cembre. Au co\u00fbt d\u2019impression pour un travail de grande qualit\u00e9, r\u00e9alis\u00e9 par l\u2019imprimerie Graphimer, s\u2019ajoutent des frais postaux en constante augmentation.<\/p>\n<p style=\"text-align: left;\">L\u2019Assembl\u00e9e approuve le bilan pr\u00e9sent\u00e9 et la hausse du montant des cotisations.<\/p>\n<p style=\"text-align: left;\"><strong>Perspectives<\/strong><\/p>\n<p style=\"text-align: left;\">La Pr\u00e9sidente souhaite le recrutement de nouveaux adh\u00e9rents et de nouveaux membres du Conseil d\u2019Administration ainsi que le maintien des activit\u00e9s de l\u2019association.<\/p>\n<p style=\"text-align: left;\">L\u2019ordre du jour \u00e9tant \u00e9puis\u00e9 Madame Talfer remercie les membres pr\u00e9sents et les invite \u00e0 partager le verre de l\u2019amiti\u00e9 agr\u00e9ment\u00e9 de toasts et g\u00e2teaux. C\u2019est alors un moment bien agr\u00e9able d\u2019\u00e9changes entre amis.<\/p>\n<p style=\"text-align: left;\">La Pr\u00e9sidente, Yvette Talfer<\/p>\n<p>&nbsp;<\/p>\n<p>&nbsp;<\/p>\n<p>&nbsp;<\/p>\n<p>&nbsp;<\/p>\n<p>&nbsp;<\/p>\n","protected":false},"excerpt":{"rendered":"<p>Assembl\u00e9e G\u00e9n\u00e9rale du 31 Mars 2017 Compte-rendu Madame Yvette Talfer, pr\u00e9sidente de Renaissance du Vieux Boulogne, souhaite la bienvenue aux adh\u00e9rents pr\u00e9sents \u00e0 la Maison des Associations. Elle est accompagn\u00e9e des membres du Bureau\u00a0: Monsieur Jean-Pierre Tancr\u00e9, responsable de la publication des \u00ab\u00a0Cahiers du Patrimoine Boulonnais\u00a0\u00bb et Madame Fran\u00e7oise Watel, tr\u00e9sori\u00e8re. Elle pr\u00e9sente les excuses &hellip; <a href=\"https:\/\/www.renaissance-vieux-boulogne.fr\/?p=1303\" class=\"more-link\">Continuer la lecture de <span class=\"screen-reader-text\">Assembl\u00e9e G\u00e9n\u00e9rale 2017<\/span>  <span class=\"meta-nav\">&rarr;<\/span><\/a><\/p>\n","protected":false},"author":1,"featured_media":0,"comment_status":"closed","ping_status":"closed","sticky":false,"template":"","format":"standard","meta":{"footnotes":""},"categories":[15],"tags":[],"class_list":["post-1303","post","type-post","status-publish","format-standard","hentry","category-vie-de-lassociation"],"_links":{"self":[{"href":"https:\/\/www.renaissance-vieux-boulogne.fr\/index.php?rest_route=\/wp\/v2\/posts\/1303","targetHints":{"allow":["GET"]}}],"collection":[{"href":"https:\/\/www.renaissance-vieux-boulogne.fr\/index.php?rest_route=\/wp\/v2\/posts"}],"about":[{"href":"https:\/\/www.renaissance-vieux-boulogne.fr\/index.php?rest_route=\/wp\/v2\/types\/post"}],"author":[{"embeddable":true,"href":"https:\/\/www.renaissance-vieux-boulogne.fr\/index.php?rest_route=\/wp\/v2\/users\/1"}],"replies":[{"embeddable":true,"href":"https:\/\/www.renaissance-vieux-boulogne.fr\/index.php?rest_route=%2Fwp%2Fv2%2Fcomments&post=1303"}],"version-history":[{"count":4,"href":"https:\/\/www.renaissance-vieux-boulogne.fr\/index.php?rest_route=\/wp\/v2\/posts\/1303\/revisions"}],"predecessor-version":[{"id":1306,"href":"https:\/\/www.renaissance-vieux-boulogne.fr\/index.php?rest_route=\/wp\/v2\/posts\/1303\/revisions\/1306"}],"wp:attachment":[{"href":"https:\/\/www.renaissance-vieux-boulogne.fr\/index.php?rest_route=%2Fwp%2Fv2%2Fmedia&parent=1303"}],"wp:term":[{"taxonomy":"category","embeddable":true,"href":"https:\/\/www.renaissance-vieux-boulogne.fr\/index.php?rest_route=%2Fwp%2Fv2%2Fcategories&post=1303"},{"taxonomy":"post_tag","embeddable":true,"href":"https:\/\/www.renaissance-vieux-boulogne.fr\/index.php?rest_route=%2Fwp%2Fv2%2Ftags&post=1303"}],"curies":[{"name":"wp","href":"https:\/\/api.w.org\/{rel}","templated":true}]}}