{"id":1493,"date":"2015-11-20T12:56:28","date_gmt":"2015-11-20T11:56:28","guid":{"rendered":"http:\/\/www.renaissance-vieux-boulogne.fr\/?p=1493"},"modified":"2017-08-02T18:24:23","modified_gmt":"2017-08-02T17:24:23","slug":"nouveau","status":"publish","type":"post","link":"https:\/\/www.renaissance-vieux-boulogne.fr\/?p=1493","title":{"rendered":"Quand Fant\u00f4mas s&rsquo;invite \u00e0 Boulogne-sur-mer"},"content":{"rendered":"<p style=\"text-align: center;\">Article r\u00e9dig\u00e9 par Anne-Marie Cojez<\/p>\n<p style=\"text-align: center;\"><strong><a href=\"http:\/\/www.renaissance-vieux-boulogne.fr\/wp-content\/uploads\/2015\/12\/fant%C3%B4mas_boulogne_article.pdf\">\u00a0<\/a><\/strong><strong><a href=\"http:\/\/www.renaissance-vieux-boulogne.fr\/wp-content\/uploads\/2015\/12\/fant%C3%B4mas_boulogne_article.pdf\">\u00a0 <\/a><a href=\"http:\/\/www.renaissance-vieux-boulogne.fr\/wp-content\/uploads\/2015\/12\/fant%C3%B4mas_boulogne_article.pdf\">LIRE<\/a><a href=\"http:\/\/www.renaissance-vieux-boulogne.fr\/wp-content\/uploads\/2015\/12\/fant%C3%B4mas_boulogne_article.pdf\"> L&rsquo;ARTICLE<\/a><\/strong><\/p>\n<p style=\"text-align: center;\"><strong><a href=\"http:\/\/www.renaissance-vieux-boulogne.fr\/?p=806\">Voir la pr\u00e9sentation de la conf\u00e9rence<\/a><\/strong><\/p>\n<p style=\"text-align: left;\">Pour en savoir plus sur les f\u00eates a\u00e9riennes qui servent de toile de fond \u00e0 la repr\u00e9sentation de Boulogne dans <em>Fant\u00f4mas s&rsquo;amuse<\/em> et <em>Le Bouquet de Fant\u00f4mas,<\/em>\u00a0lire :<\/p>\n<p><strong><a href=\"http:\/\/www.renaissance-vieux-boulogne.fr\/?p=1093\">Le centenaire de l&rsquo;a\u00e9rostation en 1883<\/a><\/strong><\/p>\n<p><strong><a href=\"http:\/\/www.renaissance-vieux-boulogne.fr\/?p=859\">La semaine de l&rsquo;aviation de 1909<\/a><\/strong><\/p>\n<p><em>Remerciements au personnel des Archives Municipales et de la Biblioth\u00e8que de Boulogne-sur-mer pour son accueil et sa collaboration.<\/em><\/p>\n","protected":false},"excerpt":{"rendered":"<p>Article r\u00e9dig\u00e9 par Anne-Marie Cojez \u00a0\u00a0 LIRE L&rsquo;ARTICLE Voir la pr\u00e9sentation de la conf\u00e9rence Pour en savoir plus sur les f\u00eates a\u00e9riennes qui servent de toile de fond \u00e0 la repr\u00e9sentation de Boulogne dans Fant\u00f4mas s&rsquo;amuse et Le Bouquet de Fant\u00f4mas,\u00a0lire : Le centenaire de l&rsquo;a\u00e9rostation en 1883 La semaine de l&rsquo;aviation de 1909 Remerciements &hellip; <a href=\"https:\/\/www.renaissance-vieux-boulogne.fr\/?p=1493\" class=\"more-link\">Continuer la lecture de <span class=\"screen-reader-text\">Quand Fant\u00f4mas s&rsquo;invite \u00e0 Boulogne-sur-mer<\/span>  <span class=\"meta-nav\">&rarr;<\/span><\/a><\/p>\n","protected":false},"author":1,"featured_media":807,"comment_status":"closed","ping_status":"closed","sticky":false,"template":"","format":"standard","meta":{"footnotes":""},"categories":[11],"tags":[],"class_list":["post-1493","post","type-post","status-publish","format-standard","has-post-thumbnail","hentry","category-article"],"_links":{"self":[{"href":"https:\/\/www.renaissance-vieux-boulogne.fr\/index.php?rest_route=\/wp\/v2\/posts\/1493","targetHints":{"allow":["GET"]}}],"collection":[{"href":"https:\/\/www.renaissance-vieux-boulogne.fr\/index.php?rest_route=\/wp\/v2\/posts"}],"about":[{"href":"https:\/\/www.renaissance-vieux-boulogne.fr\/index.php?rest_route=\/wp\/v2\/types\/post"}],"author":[{"embeddable":true,"href":"https:\/\/www.renaissance-vieux-boulogne.fr\/index.php?rest_route=\/wp\/v2\/users\/1"}],"replies":[{"embeddable":true,"href":"https:\/\/www.renaissance-vieux-boulogne.fr\/index.php?rest_route=%2Fwp%2Fv2%2Fcomments&post=1493"}],"version-history":[{"count":6,"href":"https:\/\/www.renaissance-vieux-boulogne.fr\/index.php?rest_route=\/wp\/v2\/posts\/1493\/revisions"}],"predecessor-version":[{"id":1524,"href":"https:\/\/www.renaissance-vieux-boulogne.fr\/index.php?rest_route=\/wp\/v2\/posts\/1493\/revisions\/1524"}],"wp:featuredmedia":[{"embeddable":true,"href":"https:\/\/www.renaissance-vieux-boulogne.fr\/index.php?rest_route=\/wp\/v2\/media\/807"}],"wp:attachment":[{"href":"https:\/\/www.renaissance-vieux-boulogne.fr\/index.php?rest_route=%2Fwp%2Fv2%2Fmedia&parent=1493"}],"wp:term":[{"taxonomy":"category","embeddable":true,"href":"https:\/\/www.renaissance-vieux-boulogne.fr\/index.php?rest_route=%2Fwp%2Fv2%2Fcategories&post=1493"},{"taxonomy":"post_tag","embeddable":true,"href":"https:\/\/www.renaissance-vieux-boulogne.fr\/index.php?rest_route=%2Fwp%2Fv2%2Ftags&post=1493"}],"curies":[{"name":"wp","href":"https:\/\/api.w.org\/{rel}","templated":true}]}}