{"id":1711,"date":"2017-09-24T19:48:26","date_gmt":"2017-09-24T18:48:26","guid":{"rendered":"http:\/\/www.renaissance-vieux-boulogne.fr\/?p=1711"},"modified":"2017-09-24T20:34:16","modified_gmt":"2017-09-24T19:34:16","slug":"sortie-a-tourcoing-le-14-octobre-2017","status":"publish","type":"post","link":"https:\/\/www.renaissance-vieux-boulogne.fr\/?p=1711","title":{"rendered":"Sortie \u00e0 Tourcoing le 14 octobre 2017"},"content":{"rendered":"<p><strong><em>RENAISSANCE DU VIEUX BOULOGNE<\/em> \u00a0<\/strong><\/p>\n<p>Boulogne-sur-Mer, le 15 septembre 2017<\/p>\n<p>Journ\u00e9e \u00e0 Tourcoing\u00a0:\u00a0Le patrimoine industriel, les trois \u00ab\u00a0fleurons\u00a0\u00bb et \u00a0l&rsquo;exposition : \u00ab\u00a0Le Monde arabe dans le miroir des arts. \u00a0\u00bb<\/p>\n<p>Samedi 14 octobre 2017<\/p>\n<p>Chers amies et amis,<\/p>\n<p>Surnomm\u00e9e \u00ab\u00a0la ville aux mille chemin\u00e9es\u00a0\u00bb, la ville de Tourcoing tourne la page de son pass\u00e9 industriel. Comme ses villes s\u0153urs de l\u2019agglom\u00e9ration lilloise elle offre aux visiteurs un nouveau visage sans oublier son histoire.<\/p>\n<p>Pour appr\u00e9hender cette mutation nous vous proposons le programme suivant\u00a0:<\/p>\n<p>De 10h \u00e0 11H45\u00a0: visite guid\u00e9e \u00e0 bord de notre car pour d\u00e9couvrir le patrimoine industriel et sa reconversion.<\/p>\n<p>De 12h \u00e0 13h30\u00a0: d\u00e9jeuner au restaurant \u00ab\u00a0le Paradoxe\u00a0\u00bb situ\u00e9 dans l\u2019hospice d\u2019Havr\u00e9, ancien h\u00f4pital devenu \u00ab\u00a0Maison folie\u00a0\u00bb si\u00e8ge de multiples activit\u00e9s culturelles.<\/p>\n<p>De 13h30 \u00e0 15h\u00a0: visite guid\u00e9e \u00e0 pied des \u00ab\u00a0trois fleurons\u00a0\u00bb du centre de Tourcoing\u00a0: l\u2019hospice d\u2019Havr\u00e9, l\u2019\u00e9glise Saint-Christophe et l\u2019H\u00f4tel de Ville.<\/p>\n<p>De 15h \u00e0 16h30\u00a0: visite guid\u00e9e de l\u2019exposition \u00ab\u00a0le Monde Arabe dans le miroir des arts\u00a0\u00bb qui confronte les \u0153uvres arabes et occidentales issues des collections de l\u2019Institut du Monde Arabe et du Louvre. Les \u0153uvres pr\u00e9sent\u00e9es nous font voyager dans l\u2019espace et dans le temps de l\u2019Antiquit\u00e9 au monde actuel.<\/p>\n<p style=\"text-align: center;\">___<\/p>\n<p>D\u00e9part de Boulogne\u00a0: 7h30, Parking du Ch\u00e2teau.<\/p>\n<p>Retour \u00e0 Boulogne\u00a0: 19h15, Parking du Ch\u00e2teau.<\/p>\n<p>Prix de la journ\u00e9e\u00a0: 73 euros tout compris\u00a0: transport, repas (entr\u00e9e, plat, dessert et boissons) visites guid\u00e9es et entr\u00e9e au mus\u00e9e (Institut du Monde Arabe ouvert depuis 2016).<\/p>\n<p><strong>Inscription \u00e0 retourner avant le 5 octobre 2017.<\/strong><\/p>\n<p>J\u2019esp\u00e8re que ce projet vous s\u00e9duira.<\/p>\n<p>Avec mes amiti\u00e9s,<\/p>\n<p>Yvette Talfer, Pr\u00e9sidente de RVB<\/p>\n<p style=\"text-align: center;\">______<\/p>\n<p><strong>Bulletin d\u2019inscription \u00e0 retourner avant le 5 octobre 2017 \u00e0\u00a0<\/strong><strong>\u00a0<\/strong><strong>Renaissance du Vieux Boulogne\u00a0, Ch\u00e2teau-Mus\u00e9e, rue de Bernet, 62200 Boulogne-sur-Mer\u00a0<\/strong><\/p>\n<p style=\"text-align: center;\"><strong><a href=\"http:\/\/www.renaissance-vieux-boulogne.fr\/wp-content\/uploads\/2017\/09\/bulletin_inscription_tourcoing.pdf\">T\u00e9l\u00e9charger le bulletin d&rsquo;inscription<\/a><\/strong><\/p>\n<p>&nbsp;<\/p>\n<p>Mis en ligne le 24\/09\/2017<\/p>\n","protected":false},"excerpt":{"rendered":"<p>RENAISSANCE DU VIEUX BOULOGNE \u00a0 Boulogne-sur-Mer, le 15 septembre 2017 Journ\u00e9e \u00e0 Tourcoing\u00a0:\u00a0Le patrimoine industriel, les trois \u00ab\u00a0fleurons\u00a0\u00bb et \u00a0l&rsquo;exposition : \u00ab\u00a0Le Monde arabe dans le miroir des arts. \u00a0\u00bb Samedi 14 octobre 2017 Chers amies et amis, Surnomm\u00e9e \u00ab\u00a0la ville aux mille chemin\u00e9es\u00a0\u00bb, la ville de Tourcoing tourne la page de son pass\u00e9 industriel. &hellip; <a href=\"https:\/\/www.renaissance-vieux-boulogne.fr\/?p=1711\" class=\"more-link\">Continuer la lecture de <span class=\"screen-reader-text\">Sortie \u00e0 Tourcoing le 14 octobre 2017<\/span>  <span class=\"meta-nav\">&rarr;<\/span><\/a><\/p>\n","protected":false},"author":1,"featured_media":1715,"comment_status":"closed","ping_status":"closed","sticky":false,"template":"","format":"standard","meta":{"footnotes":""},"categories":[10],"tags":[],"class_list":["post-1711","post","type-post","status-publish","format-standard","has-post-thumbnail","hentry","category-sortie"],"_links":{"self":[{"href":"https:\/\/www.renaissance-vieux-boulogne.fr\/index.php?rest_route=\/wp\/v2\/posts\/1711","targetHints":{"allow":["GET"]}}],"collection":[{"href":"https:\/\/www.renaissance-vieux-boulogne.fr\/index.php?rest_route=\/wp\/v2\/posts"}],"about":[{"href":"https:\/\/www.renaissance-vieux-boulogne.fr\/index.php?rest_route=\/wp\/v2\/types\/post"}],"author":[{"embeddable":true,"href":"https:\/\/www.renaissance-vieux-boulogne.fr\/index.php?rest_route=\/wp\/v2\/users\/1"}],"replies":[{"embeddable":true,"href":"https:\/\/www.renaissance-vieux-boulogne.fr\/index.php?rest_route=%2Fwp%2Fv2%2Fcomments&post=1711"}],"version-history":[{"count":5,"href":"https:\/\/www.renaissance-vieux-boulogne.fr\/index.php?rest_route=\/wp\/v2\/posts\/1711\/revisions"}],"predecessor-version":[{"id":1724,"href":"https:\/\/www.renaissance-vieux-boulogne.fr\/index.php?rest_route=\/wp\/v2\/posts\/1711\/revisions\/1724"}],"wp:featuredmedia":[{"embeddable":true,"href":"https:\/\/www.renaissance-vieux-boulogne.fr\/index.php?rest_route=\/wp\/v2\/media\/1715"}],"wp:attachment":[{"href":"https:\/\/www.renaissance-vieux-boulogne.fr\/index.php?rest_route=%2Fwp%2Fv2%2Fmedia&parent=1711"}],"wp:term":[{"taxonomy":"category","embeddable":true,"href":"https:\/\/www.renaissance-vieux-boulogne.fr\/index.php?rest_route=%2Fwp%2Fv2%2Fcategories&post=1711"},{"taxonomy":"post_tag","embeddable":true,"href":"https:\/\/www.renaissance-vieux-boulogne.fr\/index.php?rest_route=%2Fwp%2Fv2%2Ftags&post=1711"}],"curies":[{"name":"wp","href":"https:\/\/api.w.org\/{rel}","templated":true}]}}