{"id":2019,"date":"2018-10-18T13:52:55","date_gmt":"2018-10-18T12:52:55","guid":{"rendered":"http:\/\/www.renaissance-vieux-boulogne.fr\/?p=2019"},"modified":"2018-11-24T12:08:43","modified_gmt":"2018-11-24T11:08:43","slug":"sortie-a-lens-le-17-novembre-2018","status":"publish","type":"post","link":"https:\/\/www.renaissance-vieux-boulogne.fr\/?p=2019","title":{"rendered":"Sortie \u00e0 Lens le 17 novembre 2018"},"content":{"rendered":"<p style=\"text-align: center;\"><span style=\"font-size: 16px;\"><strong><span style=\"color: #0000ff;\">Journ\u00e9e \u00e0 Lens, le 17 novembre 2018<\/span><\/strong><\/span><\/p>\n<p style=\"text-align: center; padding-left: 120px;\"><span style=\"font-size: 16px;\"><strong><span style=\"color: #0000ff;\">Exposition \u00ab\u00a0AMOUR\u00a0\u00bb au Louvre-Lens et \u00ab\u00a0L&rsquo;art d\u00e9co \u00e0 Lens\u00a0\u00bb\u00a0<\/span> <\/strong><\/span><\/p>\n<p style=\"text-align: left;\">Chers amis et amies,<\/p>\n<p>Renaissance du Vieux Boulogne vous propose une journ\u00e9e lensoise selon le programme suivant\u00a0:<\/p>\n<p>&#8211; <strong>8h\u00a0: d\u00e9part de Boulogne<\/strong>, parking du Ch\u00e2teau.<\/p>\n<p>&#8211; <strong>10h 15\u00a0\u00e0 11h45 : Visite guid\u00e9e<\/strong> de <strong><em>l\u2019exposition \u00ab\u00a0AMOUR\u00a0\u00bb au Louvre-Lens<\/em><\/strong>. Cette exposition se propose d\u2019\u00e9crire une histoire des mani\u00e8res d\u2019aimer, depuis le p\u00e9ch\u00e9 originel jusqu\u2019\u00e0 la qu\u00eate de la libert\u00e9. Elle \u00e9voque tour \u00e0 tour la s\u00e9duction, l\u2019adoration, la passion, la galanterie, le libertinage, le romantisme, \u00e0 partir des chefs d\u2019\u0153uvre produits de l\u2019Antiquit\u00e9 \u00e0 nos jours par les artistes.<\/p>\n<p>-De <strong>11h45 \u00e0 14h<\/strong> vous disposerez d\u2019un <strong>temps libre<\/strong> au Mus\u00e9e pour vous restaurer selon votre choix et pour retrouver les th\u00e8mes de l\u2019exposition signal\u00e9s dans la Galerie du Temps.<\/p>\n<p>&#8211;<strong>14h15<\/strong>\u00a0: Nous nous rendrons en car au centre de la ville de Lens pour <strong>une visite guid\u00e9e<\/strong> de <strong>14h 30 \u00e0 16h 30<\/strong> sur le th\u00e8me\u00a0<strong><em>:\u00ab\u00a0Lens art d\u00e9co, histoire d\u2019une reconstruction\u00a0\u00bb.<\/em><\/strong> D\u00e9truite durant la Premi\u00e8re Guerre Mondiale la ville de Lens fut reconstruite au cours des ann\u00e9es 1920 et refl\u00e8te ainsi le courant artistique de l\u2019\u00e9poque \u00e0 travers l\u2019architecture et le d\u00e9cor des fa\u00e7ades.<\/p>\n<p>Le <strong>retour \u00e0 Boulogne est pr\u00e9vu pour 18h45.<\/strong><\/p>\n<p><strong>\u00a0<\/strong>Le <strong>co\u00fbt de la sortie<\/strong> est de <strong>52 euros<\/strong>, il comprend le transport et les visites guid\u00e9es.<\/p>\n<p><strong><u>Votre inscription doit \u00eatre effectu\u00e9e avant le 1<sup>er<\/sup> novembre 2018<\/u><\/strong>. Les visites guid\u00e9es sont limit\u00e9es \u00e0 25 personnes.<\/p>\n<p>J\u2019esp\u00e8re que ce programme vous s\u00e9duira et que nous nous retrouverons avec la convivialit\u00e9 habituelle pour cette journ\u00e9e lensoise.<\/p>\n<p>Avec mes amiti\u00e9s \u00e0 tous et \u00e0 toutes.<\/p>\n<p>Yvette Talfer,\u00a0Pr\u00e9sidente de RVB<\/p>\n<p style=\"text-align: center;\">&#8212;&#8212;<\/p>\n<p style=\"text-align: center;\"><strong>Bulletin d&rsquo;inscription\u00a0<\/strong><\/p>\n<p style=\"text-align: center;\">Renaissance du Vieux Boulogne<\/p>\n<p style=\"text-align: center;\">Ch\u00e2teau-Mus\u00e9e, rue de Bernet, 62200 Boulogne-sur-Mer<\/p>\n<p style=\"text-align: center;\"><strong><u>Sortie du samedi 17 novembre 2018 \u00e0 Lens<\/u><\/strong><\/p>\n<p>&nbsp;<\/p>\n<p>Monsieur, Madame, Mademoiselle, \u2026\u2026\u2026\u2026\u2026\u2026\u2026\u2026\u2026\u2026\u2026\u2026\u2026\u2026\u2026\u2026\u2026\u2026\u2026\u2026\u2026\u2026\u2026\u2026\u2026\u2026\u2026\u2026..<\/p>\n<p>Adresse\u00a0: \u2026\u2026\u2026\u2026\u2026\u2026\u2026\u2026\u2026\u2026\u2026\u2026\u2026\u2026\u2026\u2026\u2026\u2026\u2026\u2026\u2026\u2026\u2026\u2026\u2026\u2026\u2026\u2026\u2026\u2026\u2026\u2026\u2026\u2026\u2026\u2026\u2026\u2026\u2026\u2026\u2026\u2026\u2026\u2026\u2026.<\/p>\n<p>Tel. \u2026\u2026\u2026\u2026\u2026\u2026\u2026\u2026\u2026\u2026\u2026\u2026\u2026\u2026\u2026\u2026\u2026\u2026\u2026\u2026 Portable\u2026\u2026\u2026\u2026\u2026\u2026\u2026\u2026\u2026\u2026\u2026\u2026\u2026\u2026\u2026\u2026\u2026\u2026\u2026\u2026\u2026\u2026.<\/p>\n<p>Souhaite participer \u00e0 la sortie \u00e0 Lens du samedi 17 novembre 2018 et adresse un ch\u00e8que de\u00a0:<\/p>\n<p>52 euros X \u2026\u2026\u2026\u2026=\u2026\u2026\u2026\u2026euros \u00e0 l\u2019ordre de Renaissance du Vieux Boulogne<\/p>\n<p>avant le 1<sup>er <\/sup>novembre 2018.<\/p>\n<p>Date\u2026\u2026\u2026\u2026\u2026\u2026\u2026\u2026\u2026\u2026\u2026\u2026\u2026\u2026\u2026\u2026\u2026\u00a0\u00a0\u00a0\u00a0\u00a0 Signature\u2026\u2026\u2026\u2026\u2026\u2026\u2026\u2026\u2026\u2026\u2026\u2026\u2026\u2026.<\/p>\n<p>&nbsp;<\/p>\n<p>&nbsp;<\/p>\n<p>&nbsp;<\/p>\n","protected":false},"excerpt":{"rendered":"<p>Journ\u00e9e \u00e0 Lens, le 17 novembre 2018 Exposition \u00ab\u00a0AMOUR\u00a0\u00bb au Louvre-Lens et \u00ab\u00a0L&rsquo;art d\u00e9co \u00e0 Lens\u00a0\u00bb\u00a0 Chers amis et amies, Renaissance du Vieux Boulogne vous propose une journ\u00e9e lensoise selon le programme suivant\u00a0: &#8211; 8h\u00a0: d\u00e9part de Boulogne, parking du Ch\u00e2teau. &#8211; 10h 15\u00a0\u00e0 11h45 : Visite guid\u00e9e de l\u2019exposition \u00ab\u00a0AMOUR\u00a0\u00bb au Louvre-Lens. Cette exposition &hellip; <a href=\"https:\/\/www.renaissance-vieux-boulogne.fr\/?p=2019\" class=\"more-link\">Continuer la lecture de <span class=\"screen-reader-text\">Sortie \u00e0 Lens le 17 novembre 2018<\/span>  <span class=\"meta-nav\">&rarr;<\/span><\/a><\/p>\n","protected":false},"author":1,"featured_media":0,"comment_status":"closed","ping_status":"closed","sticky":false,"template":"","format":"standard","meta":{"footnotes":""},"categories":[10],"tags":[],"class_list":["post-2019","post","type-post","status-publish","format-standard","hentry","category-sortie"],"_links":{"self":[{"href":"https:\/\/www.renaissance-vieux-boulogne.fr\/index.php?rest_route=\/wp\/v2\/posts\/2019","targetHints":{"allow":["GET"]}}],"collection":[{"href":"https:\/\/www.renaissance-vieux-boulogne.fr\/index.php?rest_route=\/wp\/v2\/posts"}],"about":[{"href":"https:\/\/www.renaissance-vieux-boulogne.fr\/index.php?rest_route=\/wp\/v2\/types\/post"}],"author":[{"embeddable":true,"href":"https:\/\/www.renaissance-vieux-boulogne.fr\/index.php?rest_route=\/wp\/v2\/users\/1"}],"replies":[{"embeddable":true,"href":"https:\/\/www.renaissance-vieux-boulogne.fr\/index.php?rest_route=%2Fwp%2Fv2%2Fcomments&post=2019"}],"version-history":[{"count":4,"href":"https:\/\/www.renaissance-vieux-boulogne.fr\/index.php?rest_route=\/wp\/v2\/posts\/2019\/revisions"}],"predecessor-version":[{"id":2127,"href":"https:\/\/www.renaissance-vieux-boulogne.fr\/index.php?rest_route=\/wp\/v2\/posts\/2019\/revisions\/2127"}],"wp:attachment":[{"href":"https:\/\/www.renaissance-vieux-boulogne.fr\/index.php?rest_route=%2Fwp%2Fv2%2Fmedia&parent=2019"}],"wp:term":[{"taxonomy":"category","embeddable":true,"href":"https:\/\/www.renaissance-vieux-boulogne.fr\/index.php?rest_route=%2Fwp%2Fv2%2Fcategories&post=2019"},{"taxonomy":"post_tag","embeddable":true,"href":"https:\/\/www.renaissance-vieux-boulogne.fr\/index.php?rest_route=%2Fwp%2Fv2%2Ftags&post=2019"}],"curies":[{"name":"wp","href":"https:\/\/api.w.org\/{rel}","templated":true}]}}