{"id":227,"date":"2014-11-08T16:55:28","date_gmt":"2014-11-08T15:55:28","guid":{"rendered":"http:\/\/www.renaissance-vieux-boulogne.fr\/?p=227"},"modified":"2015-03-11T17:22:46","modified_gmt":"2015-03-11T16:22:46","slug":"conference","status":"publish","type":"post","link":"https:\/\/www.renaissance-vieux-boulogne.fr\/?p=227","title":{"rendered":"Conf\u00e9rence sur la Confr\u00e9rie des Charitables"},"content":{"rendered":"<p style=\"text-align: center;\"><strong>Compte-rendu<\/strong><\/p>\n<p style=\"text-align: center;\">Vendredi 14 novembre 2014, Messieurs Jo\u00ebl Rimetz, Michel Leclercq et Michel Beaugrand, nous ont pr\u00e9sent\u00e9 la Confr\u00e9rie des Charitables de B\u00e9thune.<\/p>\n<p style=\"text-align: left;\">Leur expos\u00e9, nourri d&rsquo;exp\u00e9riences personnelles, nous a permis d&rsquo;appr\u00e9hender de fa\u00e7on vivante cette association peu ordinaire : ses buts, ses traditions, son \u00e9thique &#8230;<\/p>\n<p style=\"text-align: left;\">Pendant 1h30, nous avons eu devant nous des hommes passionn\u00e9s, g\u00e9n\u00e9reux et rigoureux, v\u00e9ritable incarnation de la devise qui les guide:<\/p>\n<p style=\"text-align: center;\">Union \u00a0\u00a0\u00a0 Exactitude\u00a0 \u00a0\u00a0 Charit\u00e9<\/p>\n<p style=\"text-align: left;\">L&rsquo;auditoire, conquis, leur a pos\u00e9 de nombreuses questions.<\/p>\n<p style=\"text-align: left;\">Merci aux trois Pr\u00e9v\u00f4ts de la Confr\u00e9rie qui ont fait le d\u00e9placement jusque Boulogne pour nous faire vivre ces moments choisis .<\/p>\n<p style=\"text-align: center;\">\u00a0<a href=\"http:\/\/www.renaissance-vieux-boulogne.fr\/wp-content\/uploads\/2014\/11\/charitables1_14_11_14.jpg\"><img loading=\"lazy\" decoding=\"async\" class=\"size-medium wp-image-319 aligncenter\" src=\"http:\/\/www.renaissance-vieux-boulogne.fr\/wp-content\/uploads\/2014\/11\/charitables1_14_11_14-300x225.jpg\" alt=\"charitables1_14_11_14\" width=\"300\" height=\"225\" srcset=\"https:\/\/www.renaissance-vieux-boulogne.fr\/wp-content\/uploads\/2014\/11\/charitables1_14_11_14-300x225.jpg 300w, https:\/\/www.renaissance-vieux-boulogne.fr\/wp-content\/uploads\/2014\/11\/charitables1_14_11_14.jpg 432w\" sizes=\"auto, (max-width: 300px) 100vw, 300px\" \/><\/a> Messieurs Rimetz, Leclercq et Beaugrand, salle Cassar, Biblioth\u00e8que des Annonciades \u00e0 Boulogne-sur-mer, avant la conf\u00e9rence<\/p>\n<p style=\"text-align: center;\"><a href=\"http:\/\/www.renaissance-vieux-boulogne.fr\/wp-content\/uploads\/2014\/11\/charitables2_14_11_14.jpg\"><img loading=\"lazy\" decoding=\"async\" class=\"alignnone size-medium wp-image-320\" src=\"http:\/\/www.renaissance-vieux-boulogne.fr\/wp-content\/uploads\/2014\/11\/charitables2_14_11_14-300x225.jpg\" alt=\"charitables2_14_11_14\" width=\"300\" height=\"225\" srcset=\"https:\/\/www.renaissance-vieux-boulogne.fr\/wp-content\/uploads\/2014\/11\/charitables2_14_11_14-300x225.jpg 300w, https:\/\/www.renaissance-vieux-boulogne.fr\/wp-content\/uploads\/2014\/11\/charitables2_14_11_14.jpg 432w\" sizes=\"auto, (max-width: 300px) 100vw, 300px\" \/><\/a><\/p>\n<p style=\"text-align: center;\">Messieurs Rimetz, Leclercq et Beaugrand, salle Cassar, Biblioth\u00e8que des Annonciades \u00e0 Boulogne-sur-mer, au cours de l&rsquo;expos\u00e9<\/p>\n<p style=\"text-align: center;\">__________________________<\/p>\n<p style=\"text-align: center;\"><strong>Annonce<\/strong><\/p>\n<p style=\"text-align: center;\">Vendredi 14 novembre 2014<\/p>\n<p style=\"text-align: center;\">18H<\/p>\n<p>Salle Cassar, Biblioth\u00e8que des Annonciades, Place de la R\u00e9sistance, Boulogne-sur-mer<\/p>\n<p>Ouvert \u00e0 tous &#8211; Entr\u00e9e gratuite<\/p>\n<p>Monsieur Jo\u00ebl Rimetz est Pr\u00e9v\u00f4t de La Confr\u00e9rie des Charitables de Saint-Eloi de B\u00e9thune. Il pr\u00e9sentera cette organisation remarquable tant par ses id\u00e9aux que par son anciennet\u00e9. Depuis l&rsquo;\u00e9pid\u00e9mie de peste qui s\u00e9vit \u00e0 B\u00e9thune en 1138, les Charitables assistent b\u00e9n\u00e9volement les familles pour ensevelir les d\u00e9funts et leur apporter une aide d&rsquo;urgence.<\/p>\n<p>A l&rsquo;issue de la conf\u00e9rence, vous pourrez vous procurer\u00a0 le livre intitul\u00e9 <em>La Confr\u00e9rie des charitables de B\u00e9thune <\/em><\/p>\n<p>Pour en savoir plus &#8230; Liens externes<\/p>\n<p><a href=\"http:\/\/confchar.fr\/\" target=\"_blank\">Site de la confr\u00e9rie<\/a><\/p>\n<p><a href=\"http:\/\/fr.wikipedia.org\/wiki\/Confr%C3%A9rie_des_Charitables_de_Saint-%C3%89loi\" target=\"_blank\">Wikipedia<\/a><\/p>\n<p>&nbsp;<\/p>\n","protected":false},"excerpt":{"rendered":"<p>Compte-rendu Vendredi 14 novembre 2014, Messieurs Jo\u00ebl Rimetz, Michel Leclercq et Michel Beaugrand, nous ont pr\u00e9sent\u00e9 la Confr\u00e9rie des Charitables de B\u00e9thune. Leur expos\u00e9, nourri d&rsquo;exp\u00e9riences personnelles, nous a permis d&rsquo;appr\u00e9hender de fa\u00e7on vivante cette association peu ordinaire : ses buts, ses traditions, son \u00e9thique &#8230; Pendant 1h30, nous avons eu devant nous des hommes &hellip; <a href=\"https:\/\/www.renaissance-vieux-boulogne.fr\/?p=227\" class=\"more-link\">Continuer la lecture de <span class=\"screen-reader-text\">Conf\u00e9rence sur la Confr\u00e9rie des Charitables<\/span>  <span class=\"meta-nav\">&rarr;<\/span><\/a><\/p>\n","protected":false},"author":1,"featured_media":0,"comment_status":"closed","ping_status":"closed","sticky":false,"template":"","format":"standard","meta":{"footnotes":""},"categories":[7],"tags":[],"class_list":["post-227","post","type-post","status-publish","format-standard","hentry","category-conference"],"_links":{"self":[{"href":"https:\/\/www.renaissance-vieux-boulogne.fr\/index.php?rest_route=\/wp\/v2\/posts\/227","targetHints":{"allow":["GET"]}}],"collection":[{"href":"https:\/\/www.renaissance-vieux-boulogne.fr\/index.php?rest_route=\/wp\/v2\/posts"}],"about":[{"href":"https:\/\/www.renaissance-vieux-boulogne.fr\/index.php?rest_route=\/wp\/v2\/types\/post"}],"author":[{"embeddable":true,"href":"https:\/\/www.renaissance-vieux-boulogne.fr\/index.php?rest_route=\/wp\/v2\/users\/1"}],"replies":[{"embeddable":true,"href":"https:\/\/www.renaissance-vieux-boulogne.fr\/index.php?rest_route=%2Fwp%2Fv2%2Fcomments&post=227"}],"version-history":[{"count":10,"href":"https:\/\/www.renaissance-vieux-boulogne.fr\/index.php?rest_route=\/wp\/v2\/posts\/227\/revisions"}],"predecessor-version":[{"id":354,"href":"https:\/\/www.renaissance-vieux-boulogne.fr\/index.php?rest_route=\/wp\/v2\/posts\/227\/revisions\/354"}],"wp:attachment":[{"href":"https:\/\/www.renaissance-vieux-boulogne.fr\/index.php?rest_route=%2Fwp%2Fv2%2Fmedia&parent=227"}],"wp:term":[{"taxonomy":"category","embeddable":true,"href":"https:\/\/www.renaissance-vieux-boulogne.fr\/index.php?rest_route=%2Fwp%2Fv2%2Fcategories&post=227"},{"taxonomy":"post_tag","embeddable":true,"href":"https:\/\/www.renaissance-vieux-boulogne.fr\/index.php?rest_route=%2Fwp%2Fv2%2Ftags&post=227"}],"curies":[{"name":"wp","href":"https:\/\/api.w.org\/{rel}","templated":true}]}}