{"id":2298,"date":"2019-01-31T18:07:25","date_gmt":"2019-01-31T17:07:25","guid":{"rendered":"http:\/\/www.renaissance-vieux-boulogne.fr\/?p=2298"},"modified":"2019-06-03T22:01:50","modified_gmt":"2019-06-03T21:01:50","slug":"conference-les-zouaves-pontificaux","status":"publish","type":"post","link":"https:\/\/www.renaissance-vieux-boulogne.fr\/?p=2298","title":{"rendered":"Conf\u00e9rence, Les Zouaves Pontificaux"},"content":{"rendered":"\n<p>Des \u00ab\u00a0braves\u00a0\u00bb oubli\u00e9s\u00a0: les zouaves pontificaux et les Volontaires de l&rsquo;Ouest (1861-1871)<\/p>\n\n\n\n<p style=\"text-align:center\">Conf\u00e9rence donn\u00e9e par Jean-Pierre Tancr\u00e9<\/p>\n\n\n\n<p style=\"text-align:center\">le 8 f\u00e9vrier 2019<\/p>\n\n\n\n<p style=\"text-align:center\">Biblioth\u00e8que des Annonciades, Boulogne-sur-mer<\/p>\n\n\n\n<figure class=\"wp-block-image\"><img loading=\"lazy\" decoding=\"async\" width=\"432\" height=\"324\" src=\"http:\/\/www.renaissance-vieux-boulogne.fr\/wp-content\/uploads\/2017\/07\/jean_pierre_tancre.jpg\" alt=\"\" class=\"wp-image-1509\" srcset=\"https:\/\/www.renaissance-vieux-boulogne.fr\/wp-content\/uploads\/2017\/07\/jean_pierre_tancre.jpg 432w, https:\/\/www.renaissance-vieux-boulogne.fr\/wp-content\/uploads\/2017\/07\/jean_pierre_tancre-300x225.jpg 300w\" sizes=\"auto, (max-width: 432px) 100vw, 432px\" \/><figcaption>Par Jean-Pierre TANCRE<\/figcaption><\/figure>\n\n\n\n<p>Lors de la lutte pour l&rsquo;unit\u00e9 italienne (le \u00ab&nbsp;Risorgimento\u00bb), les Etats du Pape sont parmi les derniers \u00e0 r\u00e9sister&nbsp;: Pie IX cr\u00e9e une arm\u00e9e o\u00f9 s&rsquo;illustre une troupe d&rsquo;\u00e9lite, compos\u00e9e en partie de Fran\u00e7ais, ceux qui s&rsquo;appelleront eux-m\u00eames \u00ab&nbsp;zouaves pontificaux&nbsp;\u00bb. Mais Rome est investie en 1870 et nos zouaves fran\u00e7ais sont rapatri\u00e9s, avant de prendre part \u00e0 la guerre de 1870&nbsp;o\u00f9 ils combattent sous le nom de \u00ab&nbsp;L\u00e9gion des&nbsp;Volontaires de l&rsquo;Ouest&nbsp;\u00bb. Ils s&rsquo;illustrent \u00e0 Loigny la Bataille o\u00f9 l&rsquo;on c\u00e9l\u00e9brera bient\u00f4t le 150\u00e8me anniversaire de leurs exploits.<br>\nLeurs faits d&rsquo;armes sont illustr\u00e9s sur de multiples vitraux dans les \u00e9glises du grand Ouest, et, cons\u00e9cration supr\u00eame, sur la grande mosa\u00efque du Sacr\u00e9 Coeur de Montmartre.<\/p>\n","protected":false},"excerpt":{"rendered":"<p>Des \u00ab\u00a0braves\u00a0\u00bb oubli\u00e9s\u00a0: les zouaves pontificaux et les Volontaires de l&rsquo;Ouest (1861-1871) Conf\u00e9rence donn\u00e9e par Jean-Pierre Tancr\u00e9 le 8 f\u00e9vrier 2019 Biblioth\u00e8que des Annonciades, Boulogne-sur-mer Lors de la lutte pour l&rsquo;unit\u00e9 italienne (le \u00ab&nbsp;Risorgimento\u00bb), les Etats du Pape sont parmi les derniers \u00e0 r\u00e9sister&nbsp;: Pie IX cr\u00e9e une arm\u00e9e o\u00f9 s&rsquo;illustre une troupe d&rsquo;\u00e9lite, compos\u00e9e &hellip; <a href=\"https:\/\/www.renaissance-vieux-boulogne.fr\/?p=2298\" class=\"more-link\">Continuer la lecture de <span class=\"screen-reader-text\">Conf\u00e9rence, Les Zouaves Pontificaux<\/span>  <span class=\"meta-nav\">&rarr;<\/span><\/a><\/p>\n","protected":false},"author":1,"featured_media":0,"comment_status":"closed","ping_status":"closed","sticky":false,"template":"","format":"standard","meta":{"footnotes":""},"categories":[7],"tags":[],"class_list":["post-2298","post","type-post","status-publish","format-standard","hentry","category-conference"],"_links":{"self":[{"href":"https:\/\/www.renaissance-vieux-boulogne.fr\/index.php?rest_route=\/wp\/v2\/posts\/2298","targetHints":{"allow":["GET"]}}],"collection":[{"href":"https:\/\/www.renaissance-vieux-boulogne.fr\/index.php?rest_route=\/wp\/v2\/posts"}],"about":[{"href":"https:\/\/www.renaissance-vieux-boulogne.fr\/index.php?rest_route=\/wp\/v2\/types\/post"}],"author":[{"embeddable":true,"href":"https:\/\/www.renaissance-vieux-boulogne.fr\/index.php?rest_route=\/wp\/v2\/users\/1"}],"replies":[{"embeddable":true,"href":"https:\/\/www.renaissance-vieux-boulogne.fr\/index.php?rest_route=%2Fwp%2Fv2%2Fcomments&post=2298"}],"version-history":[{"count":2,"href":"https:\/\/www.renaissance-vieux-boulogne.fr\/index.php?rest_route=\/wp\/v2\/posts\/2298\/revisions"}],"predecessor-version":[{"id":2546,"href":"https:\/\/www.renaissance-vieux-boulogne.fr\/index.php?rest_route=\/wp\/v2\/posts\/2298\/revisions\/2546"}],"wp:attachment":[{"href":"https:\/\/www.renaissance-vieux-boulogne.fr\/index.php?rest_route=%2Fwp%2Fv2%2Fmedia&parent=2298"}],"wp:term":[{"taxonomy":"category","embeddable":true,"href":"https:\/\/www.renaissance-vieux-boulogne.fr\/index.php?rest_route=%2Fwp%2Fv2%2Fcategories&post=2298"},{"taxonomy":"post_tag","embeddable":true,"href":"https:\/\/www.renaissance-vieux-boulogne.fr\/index.php?rest_route=%2Fwp%2Fv2%2Ftags&post=2298"}],"curies":[{"name":"wp","href":"https:\/\/api.w.org\/{rel}","templated":true}]}}