{"id":236,"date":"2014-11-16T12:03:20","date_gmt":"2014-11-16T11:03:20","guid":{"rendered":"http:\/\/www.renaissance-vieux-boulogne.fr\/?p=236"},"modified":"2015-03-11T17:41:49","modified_gmt":"2015-03-11T16:41:49","slug":"conference-sur-don-giovanni-de-mozart","status":"publish","type":"post","link":"https:\/\/www.renaissance-vieux-boulogne.fr\/?p=236","title":{"rendered":"Conf\u00e9rence sur Don Giovanni de Mozart"},"content":{"rendered":"<p style=\"text-align: center;\"><strong><a title=\"Dominique Ghesqui\u00e8re\" href=\"http:\/\/www.renaissance-vieux-boulogne.fr\/?p=351\" target=\"_blank\">Par Monsieur Dominique Ghesqui\u00e8re<\/a><br \/>\n<\/strong><\/p>\n<p style=\"text-align: center;\"><strong>Compte-rendu<\/strong><\/p>\n<p style=\"text-align: left;\">Vendredi 5 d\u00e9cembre, Dominique Ghesqui\u00e8re nous a pr\u00e9sent\u00e9, avec le brio et l&rsquo;enthousiasme qui le caract\u00e9risent, Don Giovanni de Mozart. Apr\u00e8s un retour rapide sur la biographie du compositeur, il nous a fait entrer\u00a0 dans l\u2019\u0153uvre : ses sources, sa composition, ses repr\u00e9sentations. Extraits musicaux \u00e0 l&rsquo;appui, nous avons pu suivre la progression du drame , d\u00e9couvrir les phrases musicales et les voix les plus repr\u00e9sentatives.<\/p>\n<p style=\"text-align: center;\"><a href=\"http:\/\/www.renaissance-vieux-boulogne.fr\/wp-content\/uploads\/2014\/11\/d_ghesquiere_conference1.png\"><img loading=\"lazy\" decoding=\"async\" class=\"alignnone size-medium wp-image-424\" src=\"http:\/\/www.renaissance-vieux-boulogne.fr\/wp-content\/uploads\/2014\/11\/d_ghesquiere_conference1-300x131.png\" alt=\"d_ghesquiere_conference1\" width=\"300\" height=\"131\" srcset=\"https:\/\/www.renaissance-vieux-boulogne.fr\/wp-content\/uploads\/2014\/11\/d_ghesquiere_conference1-300x131.png 300w, https:\/\/www.renaissance-vieux-boulogne.fr\/wp-content\/uploads\/2014\/11\/d_ghesquiere_conference1.png 368w\" sizes=\"auto, (max-width: 300px) 100vw, 300px\" \/><\/a><\/p>\n<p style=\"text-align: center;\">__<\/p>\n<p style=\"text-align: center;\"><strong>Annonce<\/strong><\/p>\n<p style=\"text-align: center;\"><strong>Vendredi 5 d\u00e9cembre 2014<\/strong><\/p>\n<p style=\"text-align: center;\"><strong>18h<\/strong><\/p>\n<p style=\"text-align: center;\">Dur\u00e9e environ 90 minutes<\/p>\n<p style=\"text-align: center;\">Salle Cassar, Biblioth\u00e8que des Annonciades, Place de la R\u00e9sistance, Boulogne-sur-mer<\/p>\n<p style=\"text-align: center;\">Ouvert \u00e0 tous \u2013 Entr\u00e9e gratuite<\/p>\n<p><em>La d\u00e9couverte de cette \u0153uvre, sa gen\u00e8se et sa place dans la biographie mozartienne constituent le th\u00e8me de cette conf\u00e9rence.\u00a0<\/em><\/p>\n<p><strong><em>Mozart et le mythe de Don Giovanni<\/em><\/strong>.<\/p>\n<p>Aristocrate mythique, \u00e0 la fois fascinant et abject, pr\u00e9dateur machiav\u00e9lique dans sa boulimie de conqu\u00eates f\u00e9minines humili\u00e9es puis rejet\u00e9es, <strong><em>Don Juan<\/em><\/strong> dissimule sous son physique charmeur la laideur de sa conscience. Faussant la v\u00e9rit\u00e9 ou d\u00e9guisant l\u2019apparence\u00a0: le masque demeure son arme absolue dont ses victimes useront aussi pour tenter de \u00ab\u00a0d\u00e9masquer\u00a0\u00bb cet ennemi \u00e9ternel du repentir. Mais le masque c\u2019est l\u2019intrigue et l\u2019intrigue c\u2019est le th\u00e9\u00e2tre\u2026C\u2019est dire combien d\u2019auteurs port\u00e8rent Don Juan \u00e0 la sc\u00e8ne qu\u2019elle soit parl\u00e9e ou chant\u00e9e. Mozart brossa musicalement de <strong><em>Don Giovanni<\/em><\/strong> un portrait qui demeure in\u00e9gal\u00e9.\u00a0\u00a0 (Dominique Ghesqui\u00e8re)<\/p>\n<p style=\"text-align: center;\"><a href=\"http:\/\/www.renaissance-vieux-boulogne.fr\/wp-content\/uploads\/2014\/11\/INVITATION-MOZART.pdf\"><img loading=\"lazy\" decoding=\"async\" class=\"size-full wp-image-237 aligncenter\" src=\"http:\/\/www.renaissance-vieux-boulogne.fr\/wp-content\/uploads\/2014\/11\/masques-de-venise-casanova-700.jpg\" alt=\"masques-de-venise-casanova-700\" width=\"300\" height=\"257\" \/>INVITATION MOZART<\/a><\/p>\n<p style=\"text-align: left;\">Don Giovanni est au programme de l&rsquo;Op\u00e9ra de Paris en janvier et f\u00e9vrier 2015. Vous pouvez voir s&rsquo;il reste des places\u00a0 : <a href=\"https:\/\/www.operadeparis.fr\/saison-2014-2015\/opera\/don-giovanni-mozart\" target=\"_blank\">https:\/\/www.operadeparis.fr\/saison-2014-2015\/opera\/don-giovanni-mozart<\/a><\/p>\n<p style=\"text-align: left;\">Pour mettre vos oreilles en app\u00e9tit : <a href=\"http:\/\/www.youtube.com\/watch?v=nV1yNgiEvIQ\" target=\"_blank\">http:\/\/www.youtube.com\/watch?v=nV1yNgiEvIQ<\/a><\/p>\n","protected":false},"excerpt":{"rendered":"<p>Par Monsieur Dominique Ghesqui\u00e8re Compte-rendu Vendredi 5 d\u00e9cembre, Dominique Ghesqui\u00e8re nous a pr\u00e9sent\u00e9, avec le brio et l&rsquo;enthousiasme qui le caract\u00e9risent, Don Giovanni de Mozart. Apr\u00e8s un retour rapide sur la biographie du compositeur, il nous a fait entrer\u00a0 dans l\u2019\u0153uvre : ses sources, sa composition, ses repr\u00e9sentations. Extraits musicaux \u00e0 l&rsquo;appui, nous avons pu &hellip; <a href=\"https:\/\/www.renaissance-vieux-boulogne.fr\/?p=236\" class=\"more-link\">Continuer la lecture de <span class=\"screen-reader-text\">Conf\u00e9rence sur Don Giovanni de Mozart<\/span>  <span class=\"meta-nav\">&rarr;<\/span><\/a><\/p>\n","protected":false},"author":1,"featured_media":0,"comment_status":"closed","ping_status":"closed","sticky":false,"template":"","format":"standard","meta":{"footnotes":""},"categories":[7],"tags":[],"class_list":["post-236","post","type-post","status-publish","format-standard","hentry","category-conference"],"_links":{"self":[{"href":"https:\/\/www.renaissance-vieux-boulogne.fr\/index.php?rest_route=\/wp\/v2\/posts\/236","targetHints":{"allow":["GET"]}}],"collection":[{"href":"https:\/\/www.renaissance-vieux-boulogne.fr\/index.php?rest_route=\/wp\/v2\/posts"}],"about":[{"href":"https:\/\/www.renaissance-vieux-boulogne.fr\/index.php?rest_route=\/wp\/v2\/types\/post"}],"author":[{"embeddable":true,"href":"https:\/\/www.renaissance-vieux-boulogne.fr\/index.php?rest_route=\/wp\/v2\/users\/1"}],"replies":[{"embeddable":true,"href":"https:\/\/www.renaissance-vieux-boulogne.fr\/index.php?rest_route=%2Fwp%2Fv2%2Fcomments&post=236"}],"version-history":[{"count":16,"href":"https:\/\/www.renaissance-vieux-boulogne.fr\/index.php?rest_route=\/wp\/v2\/posts\/236\/revisions"}],"predecessor-version":[{"id":464,"href":"https:\/\/www.renaissance-vieux-boulogne.fr\/index.php?rest_route=\/wp\/v2\/posts\/236\/revisions\/464"}],"wp:attachment":[{"href":"https:\/\/www.renaissance-vieux-boulogne.fr\/index.php?rest_route=%2Fwp%2Fv2%2Fmedia&parent=236"}],"wp:term":[{"taxonomy":"category","embeddable":true,"href":"https:\/\/www.renaissance-vieux-boulogne.fr\/index.php?rest_route=%2Fwp%2Fv2%2Fcategories&post=236"},{"taxonomy":"post_tag","embeddable":true,"href":"https:\/\/www.renaissance-vieux-boulogne.fr\/index.php?rest_route=%2Fwp%2Fv2%2Ftags&post=236"}],"curies":[{"name":"wp","href":"https:\/\/api.w.org\/{rel}","templated":true}]}}