{"id":2413,"date":"2019-04-11T19:51:37","date_gmt":"2019-04-11T18:51:37","guid":{"rendered":"http:\/\/www.renaissance-vieux-boulogne.fr\/?p=2413"},"modified":"2019-04-11T20:18:55","modified_gmt":"2019-04-11T19:18:55","slug":"sortie-a-beauvais-et-royaumont","status":"publish","type":"post","link":"https:\/\/www.renaissance-vieux-boulogne.fr\/?p=2413","title":{"rendered":"Sortie \u00e0 Beauvais et Royaumont"},"content":{"rendered":"\n<p style=\"text-align:center\"><strong>La Cath\u00e9drale Saint-Pierre de Beauvais et l&rsquo;Abbaye de Royaumont <\/strong><\/p>\n\n\n\n<p style=\"text-align:center\"><strong>Samedi 11 mai 2019<\/strong><\/p>\n\n\n\n<p>Chers amis et amies,<\/p>\n\n\n\n<p>La sortie qui vous est propos\u00e9e\nvous permettra de visiter deux ensembles remarquables. <\/p>\n\n\n\n<ul class=\"wp-block-list\"><li>De 9H30 \u00e0 11h30&nbsp;<strong>: Visite guid\u00e9e<\/strong> de la <strong>Cath\u00e9drale\nSaint Pierre de Beauvais<\/strong>, un b\u00e2timent singulier par son histoire, son\narchitecture, son mobilier et son exceptionnelle horloge astronomique.<\/li><li>&nbsp;De 11h30\n\u00e0 13h15 un temps libre \u00e0 Beauvais est pr\u00e9vu pour vous restaurer selon votre\ngo\u00fbt.<\/li><\/ul>\n\n\n\n<ul class=\"wp-block-list\"><li>Nous reprendrons la route pour rejoindre<strong> l\u2019Abbaye de Royaumont<\/strong> o\u00f9, de 15h \u00e0 17h,\nla <strong>visite guid\u00e9e<\/strong>, l\u00e0 aussi sur les\nth\u00e8mes de l\u2019histoire et de l\u2019architecture, vous attendra.<\/li><\/ul>\n\n\n\n<p>Le <strong>d\u00e9part de Boulogne<\/strong>, Parking du Ch\u00e2teau-Mus\u00e9e, est fix\u00e9 \u00e0 <strong>6h45.<\/strong><\/p>\n\n\n\n<p>Le <strong>retour \u00e0 Boulogne<\/strong> est pr\u00e9vu \u00e0 <strong>20h.<\/strong><\/p>\n\n\n\n<p><strong>Le co\u00fbt de la sortie&nbsp;: 62 euros. <\/strong>Il comprend&nbsp;: le\ntransport en car, les visites guid\u00e9es et le droit d\u2019entr\u00e9e \u00e0 l\u2019Abbaye de\nRoyaumont.<\/p>\n\n\n\n<p><strong>Votre inscription doit pouvoir \u00eatre enregistr\u00e9e avant le 20 avril 2019.<\/strong><\/p>\n\n\n\n<p>J\u2019esp\u00e8re que ce projet vous\ns\u00e9duira et rassemblera de nombreux adh\u00e9rents.<\/p>\n\n\n\n<p>Amiti\u00e9s \u00e0 tous et \u00e0 toutes,<\/p>\n\n\n\n<p>Yvette Talfer, pr\u00e9sidente de RVB<\/p>\n\n\n\n<p><strong>Bulletin d\u2019inscription \u00e0 retourner avant\nle 20 avril 2019 <\/strong><\/p>\n\n\n\n<p>Renaissance du Vieux\nBoulogne, Ch\u00e2teau-Mus\u00e9e, rue de Bernet, 62200 Boulogne-sur-Mer<\/p>\n\n\n\n<p>Monsieur, Madame, Mademoiselle,\n\u2026\u2026\u2026\u2026\u2026\u2026\u2026\u2026\u2026\u2026\u2026\u2026\u2026\u2026\u2026\u2026\u2026\u2026\u2026\u2026\u2026\u2026\u2026\u2026\u2026\u2026\u2026\u2026\u2026\u2026\u2026\u2026..<\/p>\n\n\n\n<p>Adresse\u2026\u2026\u2026\u2026\u2026\u2026\u2026\u2026\u2026\u2026\u2026\u2026\u2026\u2026\u2026\u2026\u2026\u2026\u2026\u2026\u2026\u2026\u2026\u2026\u2026\u2026\u2026\u2026\u2026\u2026\u2026\u2026\u2026\u2026\u2026\u2026\u2026\u2026\u2026\u2026\u2026\u2026\u2026\u2026\u2026\u2026\u2026\u2026\u2026..<\/p>\n\n\n\n<p>T\u00e9l\u00e9phone fixe\u2026\u2026\u2026\u2026\u2026\u2026\u2026\u2026\u2026\u2026\u2026\u2026\u2026\u2026\u2026\u2026\u2026.&nbsp; Portable\u2026\u2026\u2026\u2026\u2026\u2026\u2026\u2026\u2026\u2026\u2026\u2026\u2026\u2026\u2026\u2026\u2026\u2026\u2026\u2026\u2026\u2026..<\/p>\n\n\n\n<p>Souhaite(nt) participer \u00e0 la\nsortie organis\u00e9e par \u00ab&nbsp;Renaissance du vieux Boulogne&nbsp;\u00bb \u00e0 Beauvais et\nRoyaumont le samedi 11 mai 2019.<\/p>\n\n\n\n<p>Ci-joint un ch\u00e8que de 62 euros X\n\u2026\u2026\u2026\u2026\u2026=\u2026\u2026\u2026\u2026\u2026.. euros<\/p>\n\n\n\n<p>D\u00e9part du parking du ch\u00e2teau-Mus\u00e9e\n\u00e0 6h45, retour \u00e0 20h<\/p>\n\n\n\n<p>Date et\nsignature\u2026\u2026\u2026\u2026\u2026\u2026\u2026\u2026\u2026\u2026\u2026\u2026\u2026\u2026\u2026\u2026\u2026\u2026\u2026\u2026\u2026\u2026\u2026\u2026..<\/p>\n","protected":false},"excerpt":{"rendered":"<p>La Cath\u00e9drale Saint-Pierre de Beauvais et l&rsquo;Abbaye de Royaumont Samedi 11 mai 2019 Chers amis et amies, La sortie qui vous est propos\u00e9e vous permettra de visiter deux ensembles remarquables. De 9H30 \u00e0 11h30&nbsp;: Visite guid\u00e9e de la Cath\u00e9drale Saint Pierre de Beauvais, un b\u00e2timent singulier par son histoire, son architecture, son mobilier et son &hellip; <a href=\"https:\/\/www.renaissance-vieux-boulogne.fr\/?p=2413\" class=\"more-link\">Continuer la lecture de <span class=\"screen-reader-text\">Sortie \u00e0 Beauvais et Royaumont<\/span>  <span class=\"meta-nav\">&rarr;<\/span><\/a><\/p>\n","protected":false},"author":1,"featured_media":0,"comment_status":"closed","ping_status":"closed","sticky":false,"template":"","format":"standard","meta":{"footnotes":""},"categories":[10],"tags":[],"class_list":["post-2413","post","type-post","status-publish","format-standard","hentry","category-sortie"],"_links":{"self":[{"href":"https:\/\/www.renaissance-vieux-boulogne.fr\/index.php?rest_route=\/wp\/v2\/posts\/2413","targetHints":{"allow":["GET"]}}],"collection":[{"href":"https:\/\/www.renaissance-vieux-boulogne.fr\/index.php?rest_route=\/wp\/v2\/posts"}],"about":[{"href":"https:\/\/www.renaissance-vieux-boulogne.fr\/index.php?rest_route=\/wp\/v2\/types\/post"}],"author":[{"embeddable":true,"href":"https:\/\/www.renaissance-vieux-boulogne.fr\/index.php?rest_route=\/wp\/v2\/users\/1"}],"replies":[{"embeddable":true,"href":"https:\/\/www.renaissance-vieux-boulogne.fr\/index.php?rest_route=%2Fwp%2Fv2%2Fcomments&post=2413"}],"version-history":[{"count":1,"href":"https:\/\/www.renaissance-vieux-boulogne.fr\/index.php?rest_route=\/wp\/v2\/posts\/2413\/revisions"}],"predecessor-version":[{"id":2414,"href":"https:\/\/www.renaissance-vieux-boulogne.fr\/index.php?rest_route=\/wp\/v2\/posts\/2413\/revisions\/2414"}],"wp:attachment":[{"href":"https:\/\/www.renaissance-vieux-boulogne.fr\/index.php?rest_route=%2Fwp%2Fv2%2Fmedia&parent=2413"}],"wp:term":[{"taxonomy":"category","embeddable":true,"href":"https:\/\/www.renaissance-vieux-boulogne.fr\/index.php?rest_route=%2Fwp%2Fv2%2Fcategories&post=2413"},{"taxonomy":"post_tag","embeddable":true,"href":"https:\/\/www.renaissance-vieux-boulogne.fr\/index.php?rest_route=%2Fwp%2Fv2%2Ftags&post=2413"}],"curies":[{"name":"wp","href":"https:\/\/api.w.org\/{rel}","templated":true}]}}