{"id":2512,"date":"2019-06-03T20:53:59","date_gmt":"2019-06-03T19:53:59","guid":{"rendered":"http:\/\/www.renaissance-vieux-boulogne.fr\/?p=2512"},"modified":"2019-12-21T14:47:27","modified_gmt":"2019-12-21T13:47:27","slug":"le-roman-national","status":"publish","type":"post","link":"https:\/\/www.renaissance-vieux-boulogne.fr\/?p=2512","title":{"rendered":"Le roman national"},"content":{"rendered":"\n<p style=\"text-align:center\">Conf\u00e9rence donn\u00e9e par Jean-Pierre Dournel <\/p>\n\n\n\n<div class=\"wp-block-image\"><figure class=\"aligncenter is-resized\"><img loading=\"lazy\" decoding=\"async\" src=\"http:\/\/www.renaissance-vieux-boulogne.fr\/wp-content\/uploads\/2015\/01\/jpdournel_red.jpg\" alt=\"\" class=\"wp-image-526\" width=\"249\" height=\"187\"\/><\/figure><\/div>\n\n\n\n<p><\/p>\n\n\n\n<p style=\"text-align:center\">le 14 juin 2019 <\/p>\n\n\n\n<p style=\"text-align:center\">Biblioth\u00e8que des Annonciades, Boulogne-sur-mer<\/p>\n\n\n\n<p><\/p>\n\n\n\n<p>L&rsquo;Histoire\nest une passion fran\u00e7aise. L&rsquo;importance de la litt\u00e9rature historique en\nt\u00e9moigne&nbsp;; les pol\u00e9miques sur certains \u00e9pisodes du pass\u00e9 national (Vichy,\nles guerres coloniales, mais aussi la R\u00e9volution fran\u00e7aise, voire les guerres\nde religion) restent vives. De m\u00eame, Clio est souvent enr\u00f4l\u00e9e dans les\ncontroverses politiques du temps pr\u00e9sent.<\/p>\n\n\n\n<p>Pourtant,\nl&rsquo;enseignement de l&rsquo;Histoire comme discipline \u00e0 part enti\u00e8re ne s&rsquo;est impos\u00e9\nque sous la IIIe R\u00e9publique&nbsp;: la d\u00e9faite de 1870 avait persuad\u00e9 les \u00e9lites\nfran\u00e7aises que la Prusse avait gagn\u00e9 la guerre gr\u00e2ce \u00e0 ses instituteurs \u2013 et\nnon pas seulement gr\u00e2ce \u00e0 ses canons &#8211;&nbsp;\net qu&rsquo;un enseignement de l&rsquo;Histoire et de de la G\u00e9ographie de la France\n\u00e9tait le meilleur instrument pour inculquer aux jeunes g\u00e9n\u00e9rations l&rsquo;amour de\nla patrie et de la R\u00e9publique.<\/p>\n\n\n\n<p>C&rsquo;est\ndans ce cadre que s&rsquo;est \u00e9crit le roman national, \u00e0 la suite des grandes\nfresques romantiques&nbsp; comme l&rsquo;Histoire de\nFrance de Michelet. Un roman vrai (et non pas une fiction), fond\u00e9 sur\nl&rsquo;encha\u00eenement de faits r\u00e9els authentifi\u00e9s par la recherche universitaire\nm\u00e9thodique, mais choisis pour annoncer la France de la IIIe\nr\u00e9publique&nbsp;:&nbsp; la\u00efque, pacifi\u00e9e,\nprosp\u00e8re et puissante. Un r\u00e9cit racontant l&rsquo;Histoire d&rsquo;une personne \u2013 la France\n\u2013&nbsp; n\u00e9e dans les for\u00eats gauloises, qui\navait connu bien des \u00e9preuves,&nbsp; mais s&rsquo;en\n\u00e9tait toujours relev\u00e9e gr\u00e2ce au courage de son peuple et \u00e0 quelques personnages\nprovidentiels.<\/p>\n\n\n\n<p>Ce roman a impr\u00e9gn\u00e9 l&rsquo;esprit des jeunes g\u00e9n\u00e9rations jusqu&rsquo;au d\u00e9but des ann\u00e9es 1960. Il a ensuite \u00e9t\u00e9 remis en question sous l&rsquo;impulsion de la recherche\u00a0 universitaire qui a mis en \u00e9vidence le caract\u00e8re s\u00e9lectif de la m\u00e9moire nationale et promu une Histoire qui ne soit pas seulement factuelle. L&rsquo;\u00e9volution p\u00e9dagogique a ensuite privil\u00e9gi\u00e9 la r\u00e9flexion sur le r\u00e9cit, tandis que les pouvoirs publics assignaient \u00e0 l&rsquo;enseignement de l&rsquo;Histoire une mission diff\u00e9rente : il s&rsquo;agissait moins de former des citoyens-soldats, mais des citoyens capables de comprendre et de s&rsquo;ins\u00e9rer dans le monde contemporain, un monde o\u00f9 la France n&rsquo;est plus la seconde puissance mondiale, et o\u00f9 elle s&rsquo;ins\u00e8re dans un ensemble europ\u00e9en avec les ennemis d&rsquo;hier avec lesquels elle s&rsquo;est r\u00e9concili\u00e9e.<\/p>\n\n\n\n<p><\/p>\n","protected":false},"excerpt":{"rendered":"<p>Conf\u00e9rence donn\u00e9e par Jean-Pierre Dournel le 14 juin 2019 Biblioth\u00e8que des Annonciades, Boulogne-sur-mer L&rsquo;Histoire est une passion fran\u00e7aise. L&rsquo;importance de la litt\u00e9rature historique en t\u00e9moigne&nbsp;; les pol\u00e9miques sur certains \u00e9pisodes du pass\u00e9 national (Vichy, les guerres coloniales, mais aussi la R\u00e9volution fran\u00e7aise, voire les guerres de religion) restent vives. De m\u00eame, Clio est souvent enr\u00f4l\u00e9e &hellip; <a href=\"https:\/\/www.renaissance-vieux-boulogne.fr\/?p=2512\" class=\"more-link\">Continuer la lecture de <span class=\"screen-reader-text\">Le roman national<\/span>  <span class=\"meta-nav\">&rarr;<\/span><\/a><\/p>\n","protected":false},"author":1,"featured_media":0,"comment_status":"closed","ping_status":"closed","sticky":false,"template":"","format":"standard","meta":{"footnotes":""},"categories":[7],"tags":[],"class_list":["post-2512","post","type-post","status-publish","format-standard","hentry","category-conference"],"_links":{"self":[{"href":"https:\/\/www.renaissance-vieux-boulogne.fr\/index.php?rest_route=\/wp\/v2\/posts\/2512","targetHints":{"allow":["GET"]}}],"collection":[{"href":"https:\/\/www.renaissance-vieux-boulogne.fr\/index.php?rest_route=\/wp\/v2\/posts"}],"about":[{"href":"https:\/\/www.renaissance-vieux-boulogne.fr\/index.php?rest_route=\/wp\/v2\/types\/post"}],"author":[{"embeddable":true,"href":"https:\/\/www.renaissance-vieux-boulogne.fr\/index.php?rest_route=\/wp\/v2\/users\/1"}],"replies":[{"embeddable":true,"href":"https:\/\/www.renaissance-vieux-boulogne.fr\/index.php?rest_route=%2Fwp%2Fv2%2Fcomments&post=2512"}],"version-history":[{"count":5,"href":"https:\/\/www.renaissance-vieux-boulogne.fr\/index.php?rest_route=\/wp\/v2\/posts\/2512\/revisions"}],"predecessor-version":[{"id":2869,"href":"https:\/\/www.renaissance-vieux-boulogne.fr\/index.php?rest_route=\/wp\/v2\/posts\/2512\/revisions\/2869"}],"wp:attachment":[{"href":"https:\/\/www.renaissance-vieux-boulogne.fr\/index.php?rest_route=%2Fwp%2Fv2%2Fmedia&parent=2512"}],"wp:term":[{"taxonomy":"category","embeddable":true,"href":"https:\/\/www.renaissance-vieux-boulogne.fr\/index.php?rest_route=%2Fwp%2Fv2%2Fcategories&post=2512"},{"taxonomy":"post_tag","embeddable":true,"href":"https:\/\/www.renaissance-vieux-boulogne.fr\/index.php?rest_route=%2Fwp%2Fv2%2Ftags&post=2512"}],"curies":[{"name":"wp","href":"https:\/\/api.w.org\/{rel}","templated":true}]}}