{"id":2682,"date":"2019-09-26T17:31:01","date_gmt":"2019-09-26T16:31:01","guid":{"rendered":"http:\/\/www.renaissance-vieux-boulogne.fr\/?p=2682"},"modified":"2019-12-21T15:47:41","modified_gmt":"2019-12-21T14:47:41","slug":"programme-2019-2020","status":"publish","type":"post","link":"https:\/\/www.renaissance-vieux-boulogne.fr\/?p=2682","title":{"rendered":"Programme 2019-2020"},"content":{"rendered":"\n<p><a href=\"http:\/\/www.renaissance-vieux-boulogne.fr\/?p=2785\" target=\"_blank\" rel=\"noreferrer noopener\" aria-label=\"Vendredi 15 novembre&nbsp;2019 : Conf\u00e9rence de Monsieur J\u00e9r\u00f4me FOURMANOIR&nbsp;: \u00ab&nbsp;La vie artistique \u00e0 Boulogne au XIX\u00e8me si\u00e8cle&nbsp;\u00bb. (s\u2019ouvre dans un nouvel onglet)\">Vendredi 15 novembre&nbsp;2019 : Conf\u00e9rence de Monsieur J\u00e9r\u00f4me FOURMANOIR&nbsp;: <em>\u00ab&nbsp;<strong>La vie artistique \u00e0 Boulogne au XIX\u00e8me si\u00e8cle&nbsp;<\/strong><\/em><strong>\u00bb.<\/strong><\/a><\/p>\n\n\n\n<p><a href=\"http:\/\/www.renaissance-vieux-boulogne.fr\/?p=2862\" target=\"_blank\" rel=\"noreferrer noopener\" aria-label=\"Vendredi 13 d\u00e9cembre 2019 :\u00a0 Conf\u00e9rence de Monsieur Jean-Pierre DOURNEL\u00a0: \u00ab\u00a0Le Grand Ferr\u00e9, un h\u00e9ros de la guerre de cent ans\u00a0\u00bb.\u00a0 (s\u2019ouvre dans un nouvel onglet)\">Vendredi 13 d\u00e9cembre 2019 :\u00a0 Conf\u00e9rence de Monsieur Jean-Pierre DOURNEL\u00a0: <strong>\u00ab\u00a0<em>Le<\/em><\/strong><em> <strong>Grand Ferr\u00e9, un h\u00e9ros de la guerre de cent ans\u00a0<\/strong><\/em>\u00bb.\u00a0<\/a><\/p>\n\n\n\n<p>Vendredi 17 janvier&nbsp;2020 : Conf\u00e9rence de Madame R\u00e9gine GAUCHEZ&nbsp;: <strong><em>\u00ab&nbsp;Elvira,<\/em><\/strong> <strong><em>h\u00e9ro\u00efne m\u00e9connue de Puccini<\/em><\/strong>\u00bb.<\/p>\n\n\n\n<p>Vendredi 7 f\u00e9vrier 2020&nbsp;: Conf\u00e9rence de Monsieur Yann GOBERT-SERJENT&nbsp;: \u00ab <strong><em>Jacques Oudard-Fourmentin : Nouvelles perspectives sur&nbsp;le Baron Bucaille<\/em><\/strong>&nbsp;\u00bb.<\/p>\n\n\n\n<p>Vendredi 13 mars 2020&nbsp;: Conf\u00e9rence de Madame Anne-Marie COJEZ&nbsp;: <strong><em>\u00ab Boulogne dans la vie et l\u2019\u0153uvre d&rsquo;Henry James \u00bb.<\/em><\/strong><\/p>\n\n\n\n<p>Vendredi 3 avril 2020&nbsp;: Conf\u00e9rence de Monsieur Daniel TINTILLIER&nbsp;: \u00ab&nbsp;<strong><em>1<sup>er<\/sup> ao\u00fbt 1952, Boulogne pleure ses marins&nbsp;<\/em><\/strong>\u00bb.<\/p>\n\n\n\n<p>Vendredi 15 mai 2020&nbsp;: Conf\u00e9rence de Monsieur Albrecht VON SOEHNEN&nbsp;: \u00ab&nbsp;<strong><em>Etonnants voyageurs, Alexander Von Humbolt et Aim\u00e9 Bonpland&nbsp;\u00bb.<\/em><\/strong><\/p>\n\n\n\n<p>&nbsp;Vendredi 5 juin 2020&nbsp;: Conf\u00e9rence de Monsieur Dominique GHESQUIERE&nbsp;: <strong><em>\u00ab&nbsp;Les<\/em><\/strong> <strong><em>200 ans d\u2019Offenbach&nbsp;<\/em><\/strong>\u00bb.<\/p>\n","protected":false},"excerpt":{"rendered":"<p>Vendredi 15 novembre&nbsp;2019 : Conf\u00e9rence de Monsieur J\u00e9r\u00f4me FOURMANOIR&nbsp;: \u00ab&nbsp;La vie artistique \u00e0 Boulogne au XIX\u00e8me si\u00e8cle&nbsp;\u00bb. Vendredi 13 d\u00e9cembre 2019 :\u00a0 Conf\u00e9rence de Monsieur Jean-Pierre DOURNEL\u00a0: \u00ab\u00a0Le Grand Ferr\u00e9, un h\u00e9ros de la guerre de cent ans\u00a0\u00bb.\u00a0 Vendredi 17 janvier&nbsp;2020 : Conf\u00e9rence de Madame R\u00e9gine GAUCHEZ&nbsp;: \u00ab&nbsp;Elvira, h\u00e9ro\u00efne m\u00e9connue de Puccini\u00bb. Vendredi 7 f\u00e9vrier &hellip; <a href=\"https:\/\/www.renaissance-vieux-boulogne.fr\/?p=2682\" class=\"more-link\">Continuer la lecture de <span class=\"screen-reader-text\">Programme 2019-2020<\/span>  <span class=\"meta-nav\">&rarr;<\/span><\/a><\/p>\n","protected":false},"author":1,"featured_media":0,"comment_status":"closed","ping_status":"closed","sticky":false,"template":"","format":"standard","meta":{"footnotes":""},"categories":[7],"tags":[],"class_list":["post-2682","post","type-post","status-publish","format-standard","hentry","category-conference"],"_links":{"self":[{"href":"https:\/\/www.renaissance-vieux-boulogne.fr\/index.php?rest_route=\/wp\/v2\/posts\/2682","targetHints":{"allow":["GET"]}}],"collection":[{"href":"https:\/\/www.renaissance-vieux-boulogne.fr\/index.php?rest_route=\/wp\/v2\/posts"}],"about":[{"href":"https:\/\/www.renaissance-vieux-boulogne.fr\/index.php?rest_route=\/wp\/v2\/types\/post"}],"author":[{"embeddable":true,"href":"https:\/\/www.renaissance-vieux-boulogne.fr\/index.php?rest_route=\/wp\/v2\/users\/1"}],"replies":[{"embeddable":true,"href":"https:\/\/www.renaissance-vieux-boulogne.fr\/index.php?rest_route=%2Fwp%2Fv2%2Fcomments&post=2682"}],"version-history":[{"count":7,"href":"https:\/\/www.renaissance-vieux-boulogne.fr\/index.php?rest_route=\/wp\/v2\/posts\/2682\/revisions"}],"predecessor-version":[{"id":2904,"href":"https:\/\/www.renaissance-vieux-boulogne.fr\/index.php?rest_route=\/wp\/v2\/posts\/2682\/revisions\/2904"}],"wp:attachment":[{"href":"https:\/\/www.renaissance-vieux-boulogne.fr\/index.php?rest_route=%2Fwp%2Fv2%2Fmedia&parent=2682"}],"wp:term":[{"taxonomy":"category","embeddable":true,"href":"https:\/\/www.renaissance-vieux-boulogne.fr\/index.php?rest_route=%2Fwp%2Fv2%2Fcategories&post=2682"},{"taxonomy":"post_tag","embeddable":true,"href":"https:\/\/www.renaissance-vieux-boulogne.fr\/index.php?rest_route=%2Fwp%2Fv2%2Ftags&post=2682"}],"curies":[{"name":"wp","href":"https:\/\/api.w.org\/{rel}","templated":true}]}}