{"id":2700,"date":"2019-09-26T18:04:23","date_gmt":"2019-09-26T17:04:23","guid":{"rendered":"http:\/\/www.renaissance-vieux-boulogne.fr\/?p=2700"},"modified":"2019-09-28T17:53:21","modified_gmt":"2019-09-28T16:53:21","slug":"cahier-du-patrimoine-n79","status":"publish","type":"post","link":"https:\/\/www.renaissance-vieux-boulogne.fr\/?p=2700","title":{"rendered":"Cahier du Patrimoine n\u00b079"},"content":{"rendered":"\n<div class=\"wp-block-image\"><figure class=\"aligncenter\"><a href=\"http:\/\/www.renaissance-vieux-boulogne.fr\/wp-content\/uploads\/2019\/09\/couverture_min_79.jpg\"><img decoding=\"async\" src=\"http:\/\/www.renaissance-vieux-boulogne.fr\/wp-content\/uploads\/2019\/09\/couverture_min_79.jpg\" alt=\"\" class=\"wp-image-2572\"\/><\/a><\/figure><\/div>\n\n\n\n<p style=\"text-align:center\"><strong>Au sommaire<\/strong><\/p>\n\n\n\n<p><strong><em>Editorial<\/em>, par Yvette Talfer, p.1<\/strong><\/p>\n\n\n\n<p><strong><em>Boulogne au temps du chol\u00e9ra &#8230; le chol\u00e9ra de 1866 et ses cons\u00e9quences<\/em>, par Jean-Pierre Tancr\u00e9, p.2<\/strong><\/p>\n\n\n\n<p><strong><em><a href=\"http:\/\/www.renaissance-vieux-boulogne.fr\/?p=2753\" target=\"_blank\" rel=\"noreferrer noopener\" aria-label=\"Le mouvement de l'Art D\u00e9co \u00e0 Boulogne-sur-mer, par Lucie Bienfait, p.14 (s\u2019ouvre dans un nouvel onglet)\">Le mouvement de l&rsquo;Art D\u00e9co \u00e0 Boulogne-sur-mer, <\/a><\/em><a href=\"http:\/\/www.renaissance-vieux-boulogne.fr\/?p=2753\" target=\"_blank\" rel=\"noreferrer noopener\" aria-label=\"Le mouvement de l'Art D\u00e9co \u00e0 Boulogne-sur-mer, par Lucie Bienfait, p.14 (s\u2019ouvre dans un nouvel onglet)\">par Lucie Bienfait, p.14<\/a><\/strong><\/p>\n\n\n\n<p><strong><em>Les portes historiques de Boulogne (1544-1798), the Boulogne Gates, <\/em>par Bruno Haffreingue, p.21<\/strong><\/p>\n\n\n\n<p><strong><em>Delpierre-Cator, la mort d&rsquo;un brave pilote, par Daniel Tintillier, p.23<\/em><\/strong><\/p>\n","protected":false},"excerpt":{"rendered":"<p>Au sommaire Editorial, par Yvette Talfer, p.1 Boulogne au temps du chol\u00e9ra &#8230; le chol\u00e9ra de 1866 et ses cons\u00e9quences, par Jean-Pierre Tancr\u00e9, p.2 Le mouvement de l&rsquo;Art D\u00e9co \u00e0 Boulogne-sur-mer, par Lucie Bienfait, p.14 Les portes historiques de Boulogne (1544-1798), the Boulogne Gates, par Bruno Haffreingue, p.21 Delpierre-Cator, la mort d&rsquo;un brave pilote, par &hellip; <a href=\"https:\/\/www.renaissance-vieux-boulogne.fr\/?p=2700\" class=\"more-link\">Continuer la lecture de <span class=\"screen-reader-text\">Cahier du Patrimoine n\u00b079<\/span>  <span class=\"meta-nav\">&rarr;<\/span><\/a><\/p>\n","protected":false},"author":1,"featured_media":0,"comment_status":"closed","ping_status":"closed","sticky":false,"template":"","format":"standard","meta":{"footnotes":""},"categories":[1],"tags":[],"class_list":["post-2700","post","type-post","status-publish","format-standard","hentry","category-non-classe"],"_links":{"self":[{"href":"https:\/\/www.renaissance-vieux-boulogne.fr\/index.php?rest_route=\/wp\/v2\/posts\/2700","targetHints":{"allow":["GET"]}}],"collection":[{"href":"https:\/\/www.renaissance-vieux-boulogne.fr\/index.php?rest_route=\/wp\/v2\/posts"}],"about":[{"href":"https:\/\/www.renaissance-vieux-boulogne.fr\/index.php?rest_route=\/wp\/v2\/types\/post"}],"author":[{"embeddable":true,"href":"https:\/\/www.renaissance-vieux-boulogne.fr\/index.php?rest_route=\/wp\/v2\/users\/1"}],"replies":[{"embeddable":true,"href":"https:\/\/www.renaissance-vieux-boulogne.fr\/index.php?rest_route=%2Fwp%2Fv2%2Fcomments&post=2700"}],"version-history":[{"count":6,"href":"https:\/\/www.renaissance-vieux-boulogne.fr\/index.php?rest_route=\/wp\/v2\/posts\/2700\/revisions"}],"predecessor-version":[{"id":2769,"href":"https:\/\/www.renaissance-vieux-boulogne.fr\/index.php?rest_route=\/wp\/v2\/posts\/2700\/revisions\/2769"}],"wp:attachment":[{"href":"https:\/\/www.renaissance-vieux-boulogne.fr\/index.php?rest_route=%2Fwp%2Fv2%2Fmedia&parent=2700"}],"wp:term":[{"taxonomy":"category","embeddable":true,"href":"https:\/\/www.renaissance-vieux-boulogne.fr\/index.php?rest_route=%2Fwp%2Fv2%2Fcategories&post=2700"},{"taxonomy":"post_tag","embeddable":true,"href":"https:\/\/www.renaissance-vieux-boulogne.fr\/index.php?rest_route=%2Fwp%2Fv2%2Ftags&post=2700"}],"curies":[{"name":"wp","href":"https:\/\/api.w.org\/{rel}","templated":true}]}}