{"id":2816,"date":"2019-12-20T14:55:59","date_gmt":"2019-12-20T13:55:59","guid":{"rendered":"http:\/\/www.renaissance-vieux-boulogne.fr\/?p=2816"},"modified":"2019-12-21T16:43:37","modified_gmt":"2019-12-21T15:43:37","slug":"cahier-du-patrimoine-boulonnais-n80","status":"publish","type":"post","link":"https:\/\/www.renaissance-vieux-boulogne.fr\/?p=2816","title":{"rendered":"Cahier du Patrimoine Boulonnais n\u00b080"},"content":{"rendered":"\n<div class=\"wp-block-image\"><figure class=\"aligncenter\"><img decoding=\"async\" src=\"http:\/\/www.renaissance-vieux-boulogne.fr\/wp-content\/uploads\/2019\/12\/couverture_min_80.jpg\" alt=\"\" class=\"wp-image-2813\"\/><\/figure><\/div>\n\n\n\n<p style=\"color:#0e0d0d\" class=\"has-text-color has-text-align-center\">Au sommaire<\/p>\n\n\n\n<p class=\"has-text-align-left\">Editorial par Yvette Talfer, p.1<\/p>\n\n\n\n<p class=\"has-text-align-left\"><em>Le peintre Henri Rovel (1849-1926) : un artiste vosgien ami de Virginie Demont-Breton et Adrien Demont<\/em> par Yann Gobert Sergent, p.2<\/p>\n\n\n\n<p><a href=\"http:\/\/www.renaissance-vieux-boulogne.fr\/?p=2833\" target=\"_blank\" rel=\"noreferrer noopener\" aria-label=\"Jehan-Rictus, ombres et lumi\u00e8res par Sandrine Boucher, p.7 (s\u2019ouvre dans un nouvel onglet)\"><em>Jehan-Rictus, ombres et lumi\u00e8res<\/em> par Sandrine Boucher, p.7<\/a><\/p>\n\n\n\n<p style=\"color:#000b10\" class=\"has-text-color has-text-align-left has-small-font-size\"><em>Je ris en pleurs-Sur les pas de Jehan_Rictus \u00e0 Montmartre<\/em> par Christophe Arnaud, p.11<\/p>\n\n\n\n<p class=\"has-text-align-left has-small-font-size\"><em>Jehan-Rictus : maudit autrefois, \u00e9tudi\u00e9 au lyc\u00e9e aujourd&rsquo;hui<\/em> par Geoffrey Bailly, p.16<\/p>\n\n\n\n<p class=\"has-text-align-left has-small-font-size\"><em>Impression de promenade-Les Soliloques du Pauvre<\/em> par Jehan-Rictus, p.17<\/p>\n\n\n\n<p class=\"has-text-align-left has-small-font-size\"><em>Lev\u00e9, piss\u00e9 &#8230; _ Grandeur et Mis\u00e8re de Jehan Rictus<\/em> par Philippe Oriol, p.18<\/p>\n\n\n\n<p><em>La collection des sculptures du XIX\u00e8me si\u00e8cle au Mus\u00e9e de Boulogne-sur-mer (Quatri\u00e8me partie -1. Les sujets en lien avec les personnalit\u00e9s)<\/em> par J\u00e9r\u00f4me Fourmanoir, p.24<\/p>\n\n\n<p style=\"text-align: center;\"><!--EndFragment--><strong>Vous procurer le Cahier&nbsp;<\/strong><\/p>\n<p>Points de vente<\/p>\n<ul>\n<li>&nbsp;Espace Culturel Centre Leclercq, Outreau<\/li>\n<li>FNAC 67 rue Faidherbe, Boulogne-sur-mer<\/li>\n<li>Renaissance du Vieux Boulogne, Ch\u00e2teau-Mus\u00e9e, Rue de Bernet, 62 200 Boulogne-sur-mer, permanence le vendredi apr\u00e8s-midi<\/li>\n<li><a class=\"moz-txt-link-abbreviated\" href=\"mailto:contact@renaissance-vieux-boulogne.fr\">contact@renaissance-vieux-boulogne.fr<\/a><\/li>\n<\/ul>\n<p style=\"text-align: left;\">Prix de vente du num\u00e9ro : 15 euros<\/p>\n<p><\/p>","protected":false},"excerpt":{"rendered":"<p>Au sommaire Editorial par Yvette Talfer, p.1 Le peintre Henri Rovel (1849-1926) : un artiste vosgien ami de Virginie Demont-Breton et Adrien Demont par Yann Gobert Sergent, p.2 Jehan-Rictus, ombres et lumi\u00e8res par Sandrine Boucher, p.7 Je ris en pleurs-Sur les pas de Jehan_Rictus \u00e0 Montmartre par Christophe Arnaud, p.11 Jehan-Rictus : maudit autrefois, \u00e9tudi\u00e9 &hellip; <a href=\"https:\/\/www.renaissance-vieux-boulogne.fr\/?p=2816\" class=\"more-link\">Continuer la lecture de <span class=\"screen-reader-text\">Cahier du Patrimoine Boulonnais n\u00b080<\/span>  <span class=\"meta-nav\">&rarr;<\/span><\/a><\/p>\n","protected":false},"author":1,"featured_media":0,"comment_status":"closed","ping_status":"closed","sticky":false,"template":"","format":"standard","meta":{"footnotes":""},"categories":[8],"tags":[],"class_list":["post-2816","post","type-post","status-publish","format-standard","hentry","category-cahiers"],"_links":{"self":[{"href":"https:\/\/www.renaissance-vieux-boulogne.fr\/index.php?rest_route=\/wp\/v2\/posts\/2816","targetHints":{"allow":["GET"]}}],"collection":[{"href":"https:\/\/www.renaissance-vieux-boulogne.fr\/index.php?rest_route=\/wp\/v2\/posts"}],"about":[{"href":"https:\/\/www.renaissance-vieux-boulogne.fr\/index.php?rest_route=\/wp\/v2\/types\/post"}],"author":[{"embeddable":true,"href":"https:\/\/www.renaissance-vieux-boulogne.fr\/index.php?rest_route=\/wp\/v2\/users\/1"}],"replies":[{"embeddable":true,"href":"https:\/\/www.renaissance-vieux-boulogne.fr\/index.php?rest_route=%2Fwp%2Fv2%2Fcomments&post=2816"}],"version-history":[{"count":5,"href":"https:\/\/www.renaissance-vieux-boulogne.fr\/index.php?rest_route=\/wp\/v2\/posts\/2816\/revisions"}],"predecessor-version":[{"id":2933,"href":"https:\/\/www.renaissance-vieux-boulogne.fr\/index.php?rest_route=\/wp\/v2\/posts\/2816\/revisions\/2933"}],"wp:attachment":[{"href":"https:\/\/www.renaissance-vieux-boulogne.fr\/index.php?rest_route=%2Fwp%2Fv2%2Fmedia&parent=2816"}],"wp:term":[{"taxonomy":"category","embeddable":true,"href":"https:\/\/www.renaissance-vieux-boulogne.fr\/index.php?rest_route=%2Fwp%2Fv2%2Fcategories&post=2816"},{"taxonomy":"post_tag","embeddable":true,"href":"https:\/\/www.renaissance-vieux-boulogne.fr\/index.php?rest_route=%2Fwp%2Fv2%2Ftags&post=2816"}],"curies":[{"name":"wp","href":"https:\/\/api.w.org\/{rel}","templated":true}]}}