{"id":2862,"date":"2019-12-01T14:33:06","date_gmt":"2019-12-01T13:33:06","guid":{"rendered":"http:\/\/www.renaissance-vieux-boulogne.fr\/?p=2862"},"modified":"2019-12-21T16:04:55","modified_gmt":"2019-12-21T15:04:55","slug":"le-grand-ferre-jean-pierre-dournel","status":"publish","type":"post","link":"https:\/\/www.renaissance-vieux-boulogne.fr\/?p=2862","title":{"rendered":"Le Grand Ferr\u00e9 par Jean-Pierre Dournel"},"content":{"rendered":"<p><\/p>\n<p><!--StartFragment--><\/p>\n\n\n<p class=\"has-text-color has-text-align-center has-very-dark-gray-color\"><strong>Vendredi 13 d\u00e9cembre 2019 \u00e0 18h<\/strong><\/p>\n\n\n\n<p class=\"has-text-color has-text-align-center has-very-dark-gray-color\"><strong>Conf\u00e9rence de Monsieur Jean-Pierre DOURNEL<\/strong><\/p>\n\n\n\n<p class=\"has-text-color has-text-align-center has-very-dark-gray-color\"><em><strong>Le Grand Ferr\u00e9, un h\u00e9ros de la guerre de cent ans <\/strong><\/em><\/p>\n\n\n\n<div class=\"wp-block-image\"><figure class=\"aligncenter is-resized\"><img loading=\"lazy\" decoding=\"async\" src=\"http:\/\/www.renaissance-vieux-boulogne.fr\/wp-content\/uploads\/2019\/12\/le_grand_ferre.jpg\" alt=\"\" class=\"wp-image-2789\" width=\"468\" height=\"398\" srcset=\"https:\/\/www.renaissance-vieux-boulogne.fr\/wp-content\/uploads\/2019\/12\/le_grand_ferre.jpg 693w, https:\/\/www.renaissance-vieux-boulogne.fr\/wp-content\/uploads\/2019\/12\/le_grand_ferre-300x256.jpg 300w\" sizes=\"auto, (max-width: 468px) 100vw, 468px\" \/><figcaption>H\u00e9ros m\u00e9connu pendant des si\u00e8cles, il fut une l\u00e9gende populaire du Beauvaisis jusqu&rsquo;\u00e0 ce que Michelet en f\u00eet, au XIX\u00e8me si\u00e8cle, un fondateur de la Nation France.<\/figcaption><\/figure><\/div>\n\n\n<p><!--EndFragment--><\/p>\n<p><\/p>\n\n\n<\/p>\n<p>La conf\u00e9rence a lieu Salle Cassar, Biblioth\u00e8que des Annonciades, Place de la R\u00e9sistance \u00e0 Boulogne-sur-mer.<\/p>\n<p>\n\n\n\n<\/p>\n<p style=\"text-align: center;\">Venez nombreux<\/p>\n<p style=\"text-align: center;\">\n\n\n\n<div class=\"wp-block-image\">\n<figure class=\"aligncenter\"><figure><a href=\"https:\/\/www.google.com\/maps\/place\/Biblioth%C3%A8que+des+Annonciades\/@50.724912,1.6101623,17z\/data=!3m1!4b1!4m5!3m4!1s0x47dc2c4c97b9daa3:0x608adbf4a534449a!8m2!3d50.724912!4d1.612351\" target=\"_blank\" rel=\"noopener noreferrer\"><img loading=\"lazy\" decoding=\"async\" width=\"194\" height=\"137\" class=\"wp-image-2564 aligncenter\" src=\"http:\/\/www.renaissance-vieux-boulogne.fr\/wp-content\/uploads\/2019\/09\/bibliotheque_annonciades.jpg\" alt=\"\"><\/a><\/figure><\/figure>\n<\/div>\n\n\n<p><\/p>","protected":false},"excerpt":{"rendered":"<p>Vendredi 13 d\u00e9cembre 2019 \u00e0 18h Conf\u00e9rence de Monsieur Jean-Pierre DOURNEL Le Grand Ferr\u00e9, un h\u00e9ros de la guerre de cent ans La conf\u00e9rence a lieu Salle Cassar, Biblioth\u00e8que des Annonciades, Place de la R\u00e9sistance \u00e0 Boulogne-sur-mer. Venez nombreux<\/p>\n","protected":false},"author":1,"featured_media":0,"comment_status":"closed","ping_status":"closed","sticky":false,"template":"","format":"standard","meta":{"footnotes":""},"categories":[7],"tags":[],"class_list":["post-2862","post","type-post","status-publish","format-standard","hentry","category-conference"],"_links":{"self":[{"href":"https:\/\/www.renaissance-vieux-boulogne.fr\/index.php?rest_route=\/wp\/v2\/posts\/2862","targetHints":{"allow":["GET"]}}],"collection":[{"href":"https:\/\/www.renaissance-vieux-boulogne.fr\/index.php?rest_route=\/wp\/v2\/posts"}],"about":[{"href":"https:\/\/www.renaissance-vieux-boulogne.fr\/index.php?rest_route=\/wp\/v2\/types\/post"}],"author":[{"embeddable":true,"href":"https:\/\/www.renaissance-vieux-boulogne.fr\/index.php?rest_route=\/wp\/v2\/users\/1"}],"replies":[{"embeddable":true,"href":"https:\/\/www.renaissance-vieux-boulogne.fr\/index.php?rest_route=%2Fwp%2Fv2%2Fcomments&post=2862"}],"version-history":[{"count":4,"href":"https:\/\/www.renaissance-vieux-boulogne.fr\/index.php?rest_route=\/wp\/v2\/posts\/2862\/revisions"}],"predecessor-version":[{"id":2915,"href":"https:\/\/www.renaissance-vieux-boulogne.fr\/index.php?rest_route=\/wp\/v2\/posts\/2862\/revisions\/2915"}],"wp:attachment":[{"href":"https:\/\/www.renaissance-vieux-boulogne.fr\/index.php?rest_route=%2Fwp%2Fv2%2Fmedia&parent=2862"}],"wp:term":[{"taxonomy":"category","embeddable":true,"href":"https:\/\/www.renaissance-vieux-boulogne.fr\/index.php?rest_route=%2Fwp%2Fv2%2Fcategories&post=2862"},{"taxonomy":"post_tag","embeddable":true,"href":"https:\/\/www.renaissance-vieux-boulogne.fr\/index.php?rest_route=%2Fwp%2Fv2%2Ftags&post=2862"}],"curies":[{"name":"wp","href":"https:\/\/api.w.org\/{rel}","templated":true}]}}