{"id":2877,"date":"2019-12-01T15:04:38","date_gmt":"2019-12-01T14:04:38","guid":{"rendered":"http:\/\/www.renaissance-vieux-boulogne.fr\/?p=2877"},"modified":"2022-07-31T10:42:46","modified_gmt":"2022-07-31T09:42:46","slug":"la-vie-artistique-a-boulogne-sur-mer-au-xixeme-siecle-2","status":"publish","type":"post","link":"https:\/\/www.renaissance-vieux-boulogne.fr\/?p=2877","title":{"rendered":"La Vie artistique \u00e0 Boulogne-sur-mer au XIXe si\u00e8cle"},"content":{"rendered":"<div class=\"wp-block-image\">\n<figure class=\"aligncenter\"><a href=\"http:\/\/www.renaissance-vieux-boulogne.fr\/?p=2598\" target=\"_blank\" rel=\"noopener noreferrer\"><img loading=\"lazy\" decoding=\"async\" width=\"212\" height=\"291\" src=\"http:\/\/www.renaissance-vieux-boulogne.fr\/wp-content\/uploads\/2019\/09\/vignettes_vie_artistique.jpg\" alt=\"\" class=\"wp-image-2595\"\/><\/a><\/figure>\n<\/div>\n\n\n<p><\/p>\n<p>J\u00e9r\u00f4me Fourmanoir est un de nos fid\u00e8les conf\u00e9renciers et contributeurs. Sp\u00e9cialiste de la peinture du Nord de la France, au XIX\u00e8me si\u00e8cle, il a pr\u00e9sent\u00e9, dans le cadre de nos conf\u00e9rences, des sujets tels que la peinture orientaliste dans le Nord de la France, la repr\u00e9sentation des paysages du Pas-de-Calais, le peintre Jean-Charles Cazin, le collectionneur Charles Lebeau. Un de ses articles est en ligne sur ce site :&nbsp;<a href=\"http:\/\/www.renaissance-vieux-boulogne.fr\/?p=1223\" target=\"_blank\" rel=\"noopener noreferrer\">Les Expositions Internationales des Beaux-Arts \u00e0 Boulogne-sur-mer 1887, 1901<\/a>. Vous pouvez trouver d&rsquo;autres articles dans les <a href=\"http:\/\/www.renaissance-vieux-boulogne.fr\/?page_id=1582\" target=\"_blank\" rel=\"noopener noreferrer\">Cahiers du Patrimoine Boulonnais : n\u00b0 72, 73, 75, 76, 78<\/a>.&nbsp;<\/p>\n<p><\/p>\n\n\n\n<p><\/p>\n<p>Dans l&rsquo;ouvrage qu&rsquo;il publie, il se penche sur le cas sp\u00e9cifique de Boulogne. Son riche travail de recherche montre quel \u00e9tait le dynamisme des institutions et soci\u00e9t\u00e9s artistiques boulonnaises, le r\u00f4le qu&rsquo;elles jou\u00e8rent dans l&rsquo;organisation des Salons et l&rsquo;attrait que la ville exer\u00e7a sur les artistes fran\u00e7ais et \u00e9trangers.&nbsp; Cet ouvrage \u00e9claire d&rsquo;un jour nouveau la vie de Boulogne au XIX\u00e8me si\u00e8cle.&nbsp;<\/p>\n<p><\/p>\n\n\n\n<p><\/p>\n<p>Le 15 novembre 2019, en pr\u00e9lude \u00e0 la parution de son livre, il pr\u00e9sentera une conf\u00e9rence qui a pour titre <em>La vie artistique \u00e0 Boulogne au XIX\u00e8me si\u00e8cle. <\/em><\/p>\n<p><\/p>\n\n\n\n<figure class=\"wp-block-image\"><img loading=\"lazy\" decoding=\"async\" width=\"479\" height=\"599\" src=\"http:\/\/www.renaissance-vieux-boulogne.fr\/wp-content\/uploads\/2019\/09\/bulletin_p_1.jpg\" alt=\"\" class=\"wp-image-2601\"\/><\/figure>\n\n\n\n<figure class=\"wp-block-image\"><img loading=\"lazy\" decoding=\"async\" width=\"627\" height=\"483\" src=\"http:\/\/www.renaissance-vieux-boulogne.fr\/wp-content\/uploads\/2019\/09\/bulletin_p_2.jpg\" alt=\"\" class=\"wp-image-2602\"\/><\/figure>\n\n\n<p><\/p>\n\n\n<figure class=\"wp-block-image\"><img loading=\"lazy\" decoding=\"async\" width=\"667\" height=\"415\" src=\"http:\/\/www.renaissance-vieux-boulogne.fr\/wp-content\/uploads\/2019\/09\/bulletin_p_3.jpg\" alt=\"\" class=\"wp-image-2603\"\/><\/figure>\n\n\n<p><\/p>\n\n\n<figure class=\"wp-block-image\"><img loading=\"lazy\" decoding=\"async\" width=\"675\" height=\"533\" src=\"http:\/\/www.renaissance-vieux-boulogne.fr\/wp-content\/uploads\/2019\/09\/bulletin_p_4.jpg\" alt=\"\" class=\"wp-image-2604\"\/><\/figure>\n\n\n\n\n\n<figure class=\"wp-block-image\"><img loading=\"lazy\" decoding=\"async\" width=\"673\" height=\"391\" src=\"http:\/\/www.renaissance-vieux-boulogne.fr\/wp-content\/uploads\/2019\/09\/bulletin_p_5.jpg\" alt=\"\" class=\"wp-image-2605\"\/><\/figure>\n","protected":false},"excerpt":{"rendered":"<p>J\u00e9r\u00f4me Fourmanoir est un de nos fid\u00e8les conf\u00e9renciers et contributeurs. Sp\u00e9cialiste de la peinture du Nord de la France, au XIX\u00e8me si\u00e8cle, il a pr\u00e9sent\u00e9, dans le cadre de nos conf\u00e9rences, des sujets tels que la peinture orientaliste dans le Nord de la France, la repr\u00e9sentation des paysages du Pas-de-Calais, le peintre Jean-Charles Cazin, le &hellip; <a href=\"https:\/\/www.renaissance-vieux-boulogne.fr\/?p=2877\" class=\"more-link\">Continuer la lecture de <span class=\"screen-reader-text\">La Vie artistique \u00e0 Boulogne-sur-mer au XIXe si\u00e8cle<\/span>  <span class=\"meta-nav\">&rarr;<\/span><\/a><\/p>\n","protected":false},"author":1,"featured_media":0,"comment_status":"closed","ping_status":"closed","sticky":false,"template":"","format":"standard","meta":{"footnotes":""},"categories":[17],"tags":[],"class_list":["post-2877","post","type-post","status-publish","format-standard","hentry","category-publication"],"_links":{"self":[{"href":"https:\/\/www.renaissance-vieux-boulogne.fr\/index.php?rest_route=\/wp\/v2\/posts\/2877","targetHints":{"allow":["GET"]}}],"collection":[{"href":"https:\/\/www.renaissance-vieux-boulogne.fr\/index.php?rest_route=\/wp\/v2\/posts"}],"about":[{"href":"https:\/\/www.renaissance-vieux-boulogne.fr\/index.php?rest_route=\/wp\/v2\/types\/post"}],"author":[{"embeddable":true,"href":"https:\/\/www.renaissance-vieux-boulogne.fr\/index.php?rest_route=\/wp\/v2\/users\/1"}],"replies":[{"embeddable":true,"href":"https:\/\/www.renaissance-vieux-boulogne.fr\/index.php?rest_route=%2Fwp%2Fv2%2Fcomments&post=2877"}],"version-history":[{"count":18,"href":"https:\/\/www.renaissance-vieux-boulogne.fr\/index.php?rest_route=\/wp\/v2\/posts\/2877\/revisions"}],"predecessor-version":[{"id":3308,"href":"https:\/\/www.renaissance-vieux-boulogne.fr\/index.php?rest_route=\/wp\/v2\/posts\/2877\/revisions\/3308"}],"wp:attachment":[{"href":"https:\/\/www.renaissance-vieux-boulogne.fr\/index.php?rest_route=%2Fwp%2Fv2%2Fmedia&parent=2877"}],"wp:term":[{"taxonomy":"category","embeddable":true,"href":"https:\/\/www.renaissance-vieux-boulogne.fr\/index.php?rest_route=%2Fwp%2Fv2%2Fcategories&post=2877"},{"taxonomy":"post_tag","embeddable":true,"href":"https:\/\/www.renaissance-vieux-boulogne.fr\/index.php?rest_route=%2Fwp%2Fv2%2Ftags&post=2877"}],"curies":[{"name":"wp","href":"https:\/\/api.w.org\/{rel}","templated":true}]}}