{"id":3004,"date":"2020-04-12T14:14:50","date_gmt":"2020-04-12T13:14:50","guid":{"rendered":"http:\/\/www.renaissance-vieux-boulogne.fr\/?p=3004"},"modified":"2022-07-26T16:15:11","modified_gmt":"2022-07-26T15:15:11","slug":"boulogne-sur-mer-dans-la-vie-et-loeuvre-dhenry-james","status":"publish","type":"post","link":"https:\/\/www.renaissance-vieux-boulogne.fr\/?p=3004","title":{"rendered":"Boulogne-sur-mer dans la vie et l&rsquo;oeuvre d&rsquo;Henry James, conf\u00e9rence"},"content":{"rendered":"<p><!--StartFragment--><\/p>\n\n\n<p class=\"has-text-align-center has-vivid-red-color has-luminous-vivid-amber-background-color has-text-color has-background\"><strong>Vendredi 13 mars 2020  \u00e0 18h, salle Cassar, Biblioth\u00e8que des Annonciades \u00e0 Boulogne-sur-mer<\/strong> <\/p>\n\n\n\n<p class=\"has-text-align-center has-vivid-red-color has-luminous-vivid-amber-background-color has-text-color has-background\"><strong>Conf\u00e9rence d&rsquo;Anne-Marie COJEZ<\/strong><\/p>\n\n\n\n<p class=\"has-text-align-center has-vivid-red-color has-luminous-vivid-amber-background-color has-text-color has-background\"><strong><em>Boulogne-sur-mer dans la vie et l&rsquo;oeuvre d&rsquo;Henry James  <\/em><\/strong><\/p>\n\n\n\n<figure class=\"wp-block-image size-large\"><img loading=\"lazy\" decoding=\"async\" width=\"785\" height=\"356\" src=\"http:\/\/www.renaissance-vieux-boulogne.fr\/wp-content\/uploads\/2020\/03\/affiche_conf_james.jpg\" alt=\"\" class=\"wp-image-2998\" srcset=\"https:\/\/www.renaissance-vieux-boulogne.fr\/wp-content\/uploads\/2020\/03\/affiche_conf_james.jpg 785w, https:\/\/www.renaissance-vieux-boulogne.fr\/wp-content\/uploads\/2020\/03\/affiche_conf_james-300x136.jpg 300w, https:\/\/www.renaissance-vieux-boulogne.fr\/wp-content\/uploads\/2020\/03\/affiche_conf_james-768x348.jpg 768w\" sizes=\"auto, (max-width: 785px) 100vw, 785px\" \/><\/figure>\n\n\n\n<p class=\"has-text-align-center\">L&rsquo;\u00e9crivain anglophone Henry James a s\u00e9journ\u00e9 \u00e0 Boulogne-sur-mer et y a \u00e9t\u00e9 scolaris\u00e9 alors qu&rsquo;il \u00e9tait adolescent. La perception qu&rsquo;il eut de la ville et de ses habitants ne fut pas sans retentissement sur son \u0153uvre. Il nous \u00e9claire \u00e0 ce sujet dans son autobiographie <em>M\u00e9moires d&rsquo;un Jeune Gar\u00e7on<\/em>, et choisit Boulogne pour cadre de la derni\u00e8re partie de  son roman <em>Ce que savait Maisie<\/em>. <\/p>\n\n\n<p><!--EndFragment--><\/p>","protected":false},"excerpt":{"rendered":"<p>Vendredi 13 mars 2020 \u00e0 18h, salle Cassar, Biblioth\u00e8que des Annonciades \u00e0 Boulogne-sur-mer Conf\u00e9rence d&rsquo;Anne-Marie COJEZ Boulogne-sur-mer dans la vie et l&rsquo;oeuvre d&rsquo;Henry James L&rsquo;\u00e9crivain anglophone Henry James a s\u00e9journ\u00e9 \u00e0 Boulogne-sur-mer et y a \u00e9t\u00e9 scolaris\u00e9 alors qu&rsquo;il \u00e9tait adolescent. La perception qu&rsquo;il eut de la ville et de ses habitants ne fut pas &hellip; <a href=\"https:\/\/www.renaissance-vieux-boulogne.fr\/?p=3004\" class=\"more-link\">Continuer la lecture de <span class=\"screen-reader-text\">Boulogne-sur-mer dans la vie et l&rsquo;oeuvre d&rsquo;Henry James, conf\u00e9rence<\/span>  <span class=\"meta-nav\">&rarr;<\/span><\/a><\/p>\n","protected":false},"author":1,"featured_media":0,"comment_status":"closed","ping_status":"closed","sticky":false,"template":"","format":"standard","meta":{"footnotes":""},"categories":[1],"tags":[],"class_list":["post-3004","post","type-post","status-publish","format-standard","hentry","category-non-classe"],"_links":{"self":[{"href":"https:\/\/www.renaissance-vieux-boulogne.fr\/index.php?rest_route=\/wp\/v2\/posts\/3004","targetHints":{"allow":["GET"]}}],"collection":[{"href":"https:\/\/www.renaissance-vieux-boulogne.fr\/index.php?rest_route=\/wp\/v2\/posts"}],"about":[{"href":"https:\/\/www.renaissance-vieux-boulogne.fr\/index.php?rest_route=\/wp\/v2\/types\/post"}],"author":[{"embeddable":true,"href":"https:\/\/www.renaissance-vieux-boulogne.fr\/index.php?rest_route=\/wp\/v2\/users\/1"}],"replies":[{"embeddable":true,"href":"https:\/\/www.renaissance-vieux-boulogne.fr\/index.php?rest_route=%2Fwp%2Fv2%2Fcomments&post=3004"}],"version-history":[{"count":2,"href":"https:\/\/www.renaissance-vieux-boulogne.fr\/index.php?rest_route=\/wp\/v2\/posts\/3004\/revisions"}],"predecessor-version":[{"id":3276,"href":"https:\/\/www.renaissance-vieux-boulogne.fr\/index.php?rest_route=\/wp\/v2\/posts\/3004\/revisions\/3276"}],"wp:attachment":[{"href":"https:\/\/www.renaissance-vieux-boulogne.fr\/index.php?rest_route=%2Fwp%2Fv2%2Fmedia&parent=3004"}],"wp:term":[{"taxonomy":"category","embeddable":true,"href":"https:\/\/www.renaissance-vieux-boulogne.fr\/index.php?rest_route=%2Fwp%2Fv2%2Fcategories&post=3004"},{"taxonomy":"post_tag","embeddable":true,"href":"https:\/\/www.renaissance-vieux-boulogne.fr\/index.php?rest_route=%2Fwp%2Fv2%2Ftags&post=3004"}],"curies":[{"name":"wp","href":"https:\/\/api.w.org\/{rel}","templated":true}]}}