{"id":306,"date":"2014-11-13T23:59:32","date_gmt":"2014-11-13T22:59:32","guid":{"rendered":"http:\/\/www.renaissance-vieux-boulogne.fr\/?p=306"},"modified":"2015-03-11T17:25:30","modified_gmt":"2015-03-11T16:25:30","slug":"prochaine-sortie","status":"publish","type":"post","link":"https:\/\/www.renaissance-vieux-boulogne.fr\/?p=306","title":{"rendered":"Sortie \u00e0 Lille"},"content":{"rendered":"<p>Boulogne-sur-Mer, le 10 novembre 2014<\/p>\n<p><strong>\u00a0\u00a0\u00a0\u00a0\u00a0\u00a0\u00a0\u00a0\u00a0\u00a0\u00a0\u00a0\u00a0\u00a0\u00a0\u00a0\u00a0\u00a0\u00a0\u00a0\u00a0\u00a0\u00a0\u00a0\u00a0\u00a0\u00a0\u00a0\u00a0\u00a0\u00a0\u00a0\u00a0\u00a0\u00a0\u00a0\u00a0\u00a0\u00a0\u00a0 \u00a0\u00a0\u00a0\u00a0\u00a0\u00a0\u00a0\u00a0Journ\u00e9e \u00e0 Lille, jeudi 11 d\u00e9cembre 2014<\/strong><\/p>\n<p><strong>\u00a0\u00a0\u00a0\u00a0\u00a0\u00a0\u00a0\u00a0\u00a0\u00a0\u00a0\u00a0\u00a0\u00a0\u00a0\u00a0\u00a0\u00a0\u00a0\u00a0\u00a0\u00a0\u00a0\u00a0\u00a0\u00a0\u00a0\u00a0\u00a0\u00a0\u00a0\u00a0\u00a0\u00a0\u00a0\u00a0\u00a0\u00a0\u00a0\u00a0\u00a0\u00a0\u00a0\u00a0\u00a0\u00a0\u00a0\u00a0\u00a0\u00a0\u00a0\u00a0 \u00a0\u00a0\u00a0\u00a0\u00a0\u00a0\u00a0\u00a0\u00a0Exposition \u00ab\u00a0Sesostris III , pharaon de l\u00e9gende\u00a0\u00bb<\/strong><\/p>\n<p><strong>\u00a0\u00a0\u00a0\u00a0\u00a0\u00a0\u00a0\u00a0\u00a0\u00a0\u00a0\u00a0\u00a0\u00a0\u00a0\u00a0\u00a0\u00a0\u00a0\u00a0\u00a0\u00a0\u00a0\u00a0\u00a0\u00a0\u00a0\u00a0\u00a0\u00a0\u00a0\u00a0\u00a0\u00a0\u00a0\u00a0\u00a0\u00a0\u00a0\u00a0\u00a0\u00a0 \u00a0\u00a0\u00a0\u00a0\u00a0\u00a0\u00a0\u00a0\u00a0\u00a0\u00a0\u00a0Le quartier de l\u2019H\u00f4tel de Ville<\/strong><\/p>\n<p><strong>\u00a0\u00a0\u00a0\u00a0\u00a0\u00a0\u00a0\u00a0\u00a0\u00a0\u00a0\u00a0\u00a0\u00a0\u00a0\u00a0\u00a0\u00a0\u00a0\u00a0\u00a0\u00a0\u00a0\u00a0\u00a0\u00a0\u00a0\u00a0\u00a0\u00a0\u00a0\u00a0 \u00a0\u00a0\u00a0\u00a0\u00a0\u00a0\u00a0\u00a0\u00a0\u00a0\u00a0\u00a0\u00a0\u00a0\u00a0\u00a0\u00a0\u00a0Le march\u00e9 de No\u00ebl<\/strong><\/p>\n<p>Chers amies et amis,<\/p>\n<p>Pour animer cette entr\u00e9e dans l\u2019hiver nous vous proposons une journ\u00e9e dans la dynamique m\u00e9tropole lilloise, par\u00e9e des lumi\u00e8res de No\u00ebl, selon le programme suivant\u00a0:<\/p>\n<p><strong>D\u00e9part\u00a0: <\/strong>8h30, CCAS, Bd Daunou\u00a0; 8h45, Parking du Chateau-Mus\u00e9e.<\/p>\n<p><strong>11h \u00e0 12h30 visite guid\u00e9e de l\u2019exposition <\/strong>organis\u00e9e par le Palais des Beaux Arts de Lille, en partenariat avec le Mus\u00e9e du Louvre et l\u2019Universit\u00e9 Lille III, <strong>consacr\u00e9e au pharaon Sesostris III,<\/strong> le Grand Roi r\u00e9formateur et conqu\u00e9rant du Moyen-Empire ( -1872\/-1854 av. J.-C.)<\/p>\n<p><strong>12h30 \u00e0 14h15\u00a0: Repas libre <\/strong>. Il y a un restaurant dans le Mus\u00e9e.<\/p>\n<p><strong>14h15\u00a0: Rendez-vous sur le Parvis de l\u2019Eglise Saint-Maurice<\/strong> (un plan vous sera remis) pour suivre de <strong>14h30 \u00e0 16h30 une visite guid\u00e9e<\/strong>, \u00e0 pied , qui nous m\u00e8nera jusqu\u2019\u00e0 <strong>l\u2019H\u00f4tel de Ville et la Porte de Paris<\/strong> en passant par le <strong>quartier Saint-Sauveur et l\u2019Hospice Gantois<\/strong>. Un voyage dans l\u2019histoire de Lille \u00e0 travers quelques b\u00e2timents embl\u00e9matiques. (Les distances ne sont pas grandes).<\/p>\n<p><strong>16h30 \u00e0 17h30\u00a0<\/strong>: <strong>visite libre du march\u00e9 de No\u00ebl<\/strong>, l\u2019un des plus beaux et des plus appr\u00e9ci\u00e9s du nord-ouest de l\u2019Europe. Vous profiterez aussi des illuminations qui d\u00e9corent le centre de Lille et sa Grand\u2019Place domin\u00e9e par la traditionnelle grande roue .<\/p>\n<p><strong>17h45\u00a0: Rendez-vous devant l\u2019Office de Tourisme<\/strong> (Palais Rihour) pour rejoindre notre car et regagner Boulogne vers 19h45.<\/p>\n<p><strong>Prix <\/strong>de la journ\u00e9e\u00a0: Transport , entr\u00e9e au Mus\u00e9e et visites guid\u00e9es, <strong>45 euros<\/strong>.<\/p>\n<p><strong>Inscription \u00e0 retourner avant le vendredi 28 novembre 2014.<\/strong><\/p>\n<p>Nous esp\u00e9rons vous retrouver nombreux pour cette belle journ\u00e9e<strong>.<\/strong><\/p>\n<p>Amiti\u00e9s \u00e0 toutes et \u00e0 tous.<\/p>\n<p>La Pr\u00e9sidente, Yvette Talfer<\/p>\n<p><strong>Bulletin d\u2019inscription \u00e0 retourner avant le 28 novembre 2014<\/strong><\/p>\n<p>A \u00ab\u00a0Renaissance du Vieux Boulogne\u00a0\u00bb, Ch\u00e2teau-Mus\u00e9e, rue de Bernet, 62200 Boulogne-sur-Mer<\/p>\n<p><strong>Voyage ouvert aux adh\u00e9rents de Renaissance du Vieux Boulogne, non-adh\u00e9rents nous contacter<\/strong>.<\/p>\n<p style=\"text-align: center;\"><a href=\"http:\/\/www.renaissance-vieux-boulogne.fr\/wp-content\/uploads\/2014\/11\/bulletin_inscription_voyage_lille.pdf\">TELECHARGER LE BULLETIN D&rsquo;INSCRIPTION<\/a><\/p>\n<p>&nbsp;<\/p>\n<p>&nbsp;<\/p>\n","protected":false},"excerpt":{"rendered":"<p>Boulogne-sur-Mer, le 10 novembre 2014 \u00a0\u00a0\u00a0\u00a0\u00a0\u00a0\u00a0\u00a0\u00a0\u00a0\u00a0\u00a0\u00a0\u00a0\u00a0\u00a0\u00a0\u00a0\u00a0\u00a0\u00a0\u00a0\u00a0\u00a0\u00a0\u00a0\u00a0\u00a0\u00a0\u00a0\u00a0\u00a0\u00a0\u00a0\u00a0\u00a0\u00a0\u00a0\u00a0\u00a0 \u00a0\u00a0\u00a0\u00a0\u00a0\u00a0\u00a0\u00a0Journ\u00e9e \u00e0 Lille, jeudi 11 d\u00e9cembre 2014 \u00a0\u00a0\u00a0\u00a0\u00a0\u00a0\u00a0\u00a0\u00a0\u00a0\u00a0\u00a0\u00a0\u00a0\u00a0\u00a0\u00a0\u00a0\u00a0\u00a0\u00a0\u00a0\u00a0\u00a0\u00a0\u00a0\u00a0\u00a0\u00a0\u00a0\u00a0\u00a0\u00a0\u00a0\u00a0\u00a0\u00a0\u00a0\u00a0\u00a0\u00a0\u00a0\u00a0\u00a0\u00a0\u00a0\u00a0\u00a0\u00a0\u00a0\u00a0\u00a0 \u00a0\u00a0\u00a0\u00a0\u00a0\u00a0\u00a0\u00a0\u00a0Exposition \u00ab\u00a0Sesostris III , pharaon de l\u00e9gende\u00a0\u00bb \u00a0\u00a0\u00a0\u00a0\u00a0\u00a0\u00a0\u00a0\u00a0\u00a0\u00a0\u00a0\u00a0\u00a0\u00a0\u00a0\u00a0\u00a0\u00a0\u00a0\u00a0\u00a0\u00a0\u00a0\u00a0\u00a0\u00a0\u00a0\u00a0\u00a0\u00a0\u00a0\u00a0\u00a0\u00a0\u00a0\u00a0\u00a0\u00a0\u00a0\u00a0\u00a0 \u00a0\u00a0\u00a0\u00a0\u00a0\u00a0\u00a0\u00a0\u00a0\u00a0\u00a0\u00a0Le quartier de l\u2019H\u00f4tel de Ville \u00a0\u00a0\u00a0\u00a0\u00a0\u00a0\u00a0\u00a0\u00a0\u00a0\u00a0\u00a0\u00a0\u00a0\u00a0\u00a0\u00a0\u00a0\u00a0\u00a0\u00a0\u00a0\u00a0\u00a0\u00a0\u00a0\u00a0\u00a0\u00a0\u00a0\u00a0\u00a0 \u00a0\u00a0\u00a0\u00a0\u00a0\u00a0\u00a0\u00a0\u00a0\u00a0\u00a0\u00a0\u00a0\u00a0\u00a0\u00a0\u00a0\u00a0Le march\u00e9 de No\u00ebl Chers amies et amis, Pour animer cette entr\u00e9e dans l\u2019hiver nous vous proposons une journ\u00e9e dans la dynamique m\u00e9tropole lilloise, par\u00e9e des &hellip; <a href=\"https:\/\/www.renaissance-vieux-boulogne.fr\/?p=306\" class=\"more-link\">Continuer la lecture de <span class=\"screen-reader-text\">Sortie \u00e0 Lille<\/span>  <span class=\"meta-nav\">&rarr;<\/span><\/a><\/p>\n","protected":false},"author":1,"featured_media":0,"comment_status":"closed","ping_status":"closed","sticky":false,"template":"","format":"standard","meta":{"footnotes":""},"categories":[10],"tags":[],"class_list":["post-306","post","type-post","status-publish","format-standard","hentry","category-sortie"],"_links":{"self":[{"href":"https:\/\/www.renaissance-vieux-boulogne.fr\/index.php?rest_route=\/wp\/v2\/posts\/306","targetHints":{"allow":["GET"]}}],"collection":[{"href":"https:\/\/www.renaissance-vieux-boulogne.fr\/index.php?rest_route=\/wp\/v2\/posts"}],"about":[{"href":"https:\/\/www.renaissance-vieux-boulogne.fr\/index.php?rest_route=\/wp\/v2\/types\/post"}],"author":[{"embeddable":true,"href":"https:\/\/www.renaissance-vieux-boulogne.fr\/index.php?rest_route=\/wp\/v2\/users\/1"}],"replies":[{"embeddable":true,"href":"https:\/\/www.renaissance-vieux-boulogne.fr\/index.php?rest_route=%2Fwp%2Fv2%2Fcomments&post=306"}],"version-history":[{"count":4,"href":"https:\/\/www.renaissance-vieux-boulogne.fr\/index.php?rest_route=\/wp\/v2\/posts\/306\/revisions"}],"predecessor-version":[{"id":532,"href":"https:\/\/www.renaissance-vieux-boulogne.fr\/index.php?rest_route=\/wp\/v2\/posts\/306\/revisions\/532"}],"wp:attachment":[{"href":"https:\/\/www.renaissance-vieux-boulogne.fr\/index.php?rest_route=%2Fwp%2Fv2%2Fmedia&parent=306"}],"wp:term":[{"taxonomy":"category","embeddable":true,"href":"https:\/\/www.renaissance-vieux-boulogne.fr\/index.php?rest_route=%2Fwp%2Fv2%2Fcategories&post=306"},{"taxonomy":"post_tag","embeddable":true,"href":"https:\/\/www.renaissance-vieux-boulogne.fr\/index.php?rest_route=%2Fwp%2Fv2%2Ftags&post=306"}],"curies":[{"name":"wp","href":"https:\/\/api.w.org\/{rel}","templated":true}]}}