{"id":3202,"date":"2021-09-28T19:16:54","date_gmt":"2021-09-28T18:16:54","guid":{"rendered":"http:\/\/www.renaissance-vieux-boulogne.fr\/?p=3202"},"modified":"2021-09-28T19:25:43","modified_gmt":"2021-09-28T18:25:43","slug":"cahier-du-patrimoine-boulonnais-n83","status":"publish","type":"post","link":"https:\/\/www.renaissance-vieux-boulogne.fr\/?p=3202","title":{"rendered":"Cahier du Patrimoine boulonnais n\u00b083"},"content":{"rendered":"\n<div class=\"wp-block-image\"><figure class=\"aligncenter size-large\"><img loading=\"lazy\" decoding=\"async\" width=\"129\" height=\"178\" src=\"http:\/\/www.renaissance-vieux-boulogne.fr\/wp-content\/uploads\/2021\/09\/cahier_83_couv_min-e1632850027922.jpg\" alt=\"\" class=\"wp-image-3177\"\/><\/figure><\/div>\n\n\n\n<p class=\"has-text-align-center has-normal-font-size\"><strong>Au sommaire<\/strong><\/p>\n\n\n\n<p class=\"has-medium-font-size\">Editorial par Yvette TALFER<\/p>\n\n\n\n<p class=\"has-medium-font-size\"><em>Sports nautiques \u00e0 Boulogne &#8230; les YCB<\/em> par Bruno HAFFREINGUE<\/p>\n\n\n\n<p class=\"has-medium-font-size\"><em>Comm\u00e9moration 80\u00e8me Anniversaire de l&rsquo;Expulsion des Juifs de Boulogne-sur-mer du 17 d\u00e9cembre 1940<\/em> par Rudy RIGAUT<\/p>\n\n\n\n<p class=\"has-medium-font-size\"><em>\u00ab\u00a0Sans Famille\u00a0\u00bb \u00e0 Boulogne ou Les Enfants trouv\u00e9s \u00e0 Boulogne dans les ann\u00e9es 1835<\/em> par Jean-Pierre TANCRE<\/p>\n\n\n\n<p class=\"has-medium-font-size\"><em>Tradition corporative Les Imprimeurs boulonnais c\u00e9l\u00e9braient la Saint-Jean Porte Latine<\/em> par Martine BONNEAU<\/p>\n","protected":false},"excerpt":{"rendered":"<p>Au sommaire Editorial par Yvette TALFER Sports nautiques \u00e0 Boulogne &#8230; les YCB par Bruno HAFFREINGUE Comm\u00e9moration 80\u00e8me Anniversaire de l&rsquo;Expulsion des Juifs de Boulogne-sur-mer du 17 d\u00e9cembre 1940 par Rudy RIGAUT \u00ab\u00a0Sans Famille\u00a0\u00bb \u00e0 Boulogne ou Les Enfants trouv\u00e9s \u00e0 Boulogne dans les ann\u00e9es 1835 par Jean-Pierre TANCRE Tradition corporative Les Imprimeurs boulonnais c\u00e9l\u00e9braient &hellip; <a href=\"https:\/\/www.renaissance-vieux-boulogne.fr\/?p=3202\" class=\"more-link\">Continuer la lecture de <span class=\"screen-reader-text\">Cahier du Patrimoine boulonnais n\u00b083<\/span>  <span class=\"meta-nav\">&rarr;<\/span><\/a><\/p>\n","protected":false},"author":1,"featured_media":0,"comment_status":"closed","ping_status":"closed","sticky":false,"template":"","format":"standard","meta":{"footnotes":""},"categories":[8],"tags":[],"class_list":["post-3202","post","type-post","status-publish","format-standard","hentry","category-cahiers"],"_links":{"self":[{"href":"https:\/\/www.renaissance-vieux-boulogne.fr\/index.php?rest_route=\/wp\/v2\/posts\/3202","targetHints":{"allow":["GET"]}}],"collection":[{"href":"https:\/\/www.renaissance-vieux-boulogne.fr\/index.php?rest_route=\/wp\/v2\/posts"}],"about":[{"href":"https:\/\/www.renaissance-vieux-boulogne.fr\/index.php?rest_route=\/wp\/v2\/types\/post"}],"author":[{"embeddable":true,"href":"https:\/\/www.renaissance-vieux-boulogne.fr\/index.php?rest_route=\/wp\/v2\/users\/1"}],"replies":[{"embeddable":true,"href":"https:\/\/www.renaissance-vieux-boulogne.fr\/index.php?rest_route=%2Fwp%2Fv2%2Fcomments&post=3202"}],"version-history":[{"count":1,"href":"https:\/\/www.renaissance-vieux-boulogne.fr\/index.php?rest_route=\/wp\/v2\/posts\/3202\/revisions"}],"predecessor-version":[{"id":3203,"href":"https:\/\/www.renaissance-vieux-boulogne.fr\/index.php?rest_route=\/wp\/v2\/posts\/3202\/revisions\/3203"}],"wp:attachment":[{"href":"https:\/\/www.renaissance-vieux-boulogne.fr\/index.php?rest_route=%2Fwp%2Fv2%2Fmedia&parent=3202"}],"wp:term":[{"taxonomy":"category","embeddable":true,"href":"https:\/\/www.renaissance-vieux-boulogne.fr\/index.php?rest_route=%2Fwp%2Fv2%2Fcategories&post=3202"},{"taxonomy":"post_tag","embeddable":true,"href":"https:\/\/www.renaissance-vieux-boulogne.fr\/index.php?rest_route=%2Fwp%2Fv2%2Ftags&post=3202"}],"curies":[{"name":"wp","href":"https:\/\/api.w.org\/{rel}","templated":true}]}}