{"id":3290,"date":"2022-07-31T10:20:49","date_gmt":"2022-07-31T09:20:49","guid":{"rendered":"https:\/\/www.renaissance-vieux-boulogne.fr\/?p=3290"},"modified":"2022-07-31T10:29:58","modified_gmt":"2022-07-31T09:29:58","slug":"expulsion-des-juifs-de-boulogne-sur-mer","status":"publish","type":"post","link":"https:\/\/www.renaissance-vieux-boulogne.fr\/?p=3290","title":{"rendered":"Comm\u00e9moration de l&rsquo;expulsion des Juifs de Boulogne-sur-mer"},"content":{"rendered":"\n<p><em data-rich-text-format-boundary=\"true\">Dans la zone littorale du Nord et du Pas-de-Calais, la p\u00e9riode de l\u2019Occupation pr\u00e9sente des caract\u00e9ristiques propres. Secteur hautement sensible de la \u00ab&nbsp;zone rattach\u00e9e&nbsp;\u00bb o\u00f9 se concentrent les troupes op\u00e9rationnelles, le littoral occup\u00e9 est d\u00e9clar\u00e9 \u00ab&nbsp;zone rouge&nbsp;\u00bb d\u00e8s juillet 1940. De ce contexte militaire et administratif particulier d\u00e9coule une l\u00e9gislation sp\u00e9cifique visant notamment les Juifs. Le 17 d\u00e9cembre 1940, 54 Juifs sont expuls\u00e9s de Boulogne-sur-Mer vers un centre d\u2019internement \u00e0 Troyes. Cette op\u00e9ration constitue l\u2019une des principales mesures de la politique antis\u00e9mite singuli\u00e8re men\u00e9e par l\u2019occupant dans le secteur. <\/em><\/p>\n<p style=\"text-align: center;\">Article de Rudy Rigaut, Docteur en Histoire, Correspondant du M\u00e9morial de la Shoah pour les Hauts-de-France<\/p>\n\n\n\n<p style=\"text-align: center;\"><strong><a href=\"https:\/\/www.renaissance-vieux-boulogne.fr\/wp-content\/uploads\/2022\/07\/Commemoration_expulsion_Juifs_-Boulogne.pdf\" target=\"_blank\" rel=\"noopener\">Lire l&rsquo;article <\/a>\u00a0<\/strong><\/p>\n<p style=\"text-align: center;\">\u00a0<\/p>\n","protected":false},"excerpt":{"rendered":"<p>Dans la zone littorale du Nord et du Pas-de-Calais, la p\u00e9riode de l\u2019Occupation pr\u00e9sente des caract\u00e9ristiques propres. Secteur hautement sensible de la \u00ab&nbsp;zone rattach\u00e9e&nbsp;\u00bb o\u00f9 se concentrent les troupes op\u00e9rationnelles, le littoral occup\u00e9 est d\u00e9clar\u00e9 \u00ab&nbsp;zone rouge&nbsp;\u00bb d\u00e8s juillet 1940. De ce contexte militaire et administratif particulier d\u00e9coule une l\u00e9gislation sp\u00e9cifique visant notamment les Juifs. &hellip; <a href=\"https:\/\/www.renaissance-vieux-boulogne.fr\/?p=3290\" class=\"more-link\">Continuer la lecture de <span class=\"screen-reader-text\">Comm\u00e9moration de l&rsquo;expulsion des Juifs de Boulogne-sur-mer<\/span>  <span class=\"meta-nav\">&rarr;<\/span><\/a><\/p>\n","protected":false},"author":1,"featured_media":0,"comment_status":"closed","ping_status":"closed","sticky":false,"template":"","format":"standard","meta":{"footnotes":""},"categories":[11],"tags":[],"class_list":["post-3290","post","type-post","status-publish","format-standard","hentry","category-article"],"_links":{"self":[{"href":"https:\/\/www.renaissance-vieux-boulogne.fr\/index.php?rest_route=\/wp\/v2\/posts\/3290","targetHints":{"allow":["GET"]}}],"collection":[{"href":"https:\/\/www.renaissance-vieux-boulogne.fr\/index.php?rest_route=\/wp\/v2\/posts"}],"about":[{"href":"https:\/\/www.renaissance-vieux-boulogne.fr\/index.php?rest_route=\/wp\/v2\/types\/post"}],"author":[{"embeddable":true,"href":"https:\/\/www.renaissance-vieux-boulogne.fr\/index.php?rest_route=\/wp\/v2\/users\/1"}],"replies":[{"embeddable":true,"href":"https:\/\/www.renaissance-vieux-boulogne.fr\/index.php?rest_route=%2Fwp%2Fv2%2Fcomments&post=3290"}],"version-history":[{"count":5,"href":"https:\/\/www.renaissance-vieux-boulogne.fr\/index.php?rest_route=\/wp\/v2\/posts\/3290\/revisions"}],"predecessor-version":[{"id":3297,"href":"https:\/\/www.renaissance-vieux-boulogne.fr\/index.php?rest_route=\/wp\/v2\/posts\/3290\/revisions\/3297"}],"wp:attachment":[{"href":"https:\/\/www.renaissance-vieux-boulogne.fr\/index.php?rest_route=%2Fwp%2Fv2%2Fmedia&parent=3290"}],"wp:term":[{"taxonomy":"category","embeddable":true,"href":"https:\/\/www.renaissance-vieux-boulogne.fr\/index.php?rest_route=%2Fwp%2Fv2%2Fcategories&post=3290"},{"taxonomy":"post_tag","embeddable":true,"href":"https:\/\/www.renaissance-vieux-boulogne.fr\/index.php?rest_route=%2Fwp%2Fv2%2Ftags&post=3290"}],"curies":[{"name":"wp","href":"https:\/\/api.w.org\/{rel}","templated":true}]}}