{"id":3379,"date":"2022-10-17T16:31:14","date_gmt":"2022-10-17T15:31:14","guid":{"rendered":"https:\/\/www.renaissance-vieux-boulogne.fr\/?p=3379"},"modified":"2022-10-17T16:31:55","modified_gmt":"2022-10-17T15:31:55","slug":"programme-des-conferences-2022-2023","status":"publish","type":"post","link":"https:\/\/www.renaissance-vieux-boulogne.fr\/?p=3379","title":{"rendered":"Programme des conf\u00e9rences 2022-2023"},"content":{"rendered":"\n<p><\/p>\n<p class=\"has-text-align-center\"><em>Les conf\u00e9rences ont lieu \u00e0 18h, salle Cassar, Biblioth\u00e8que des Annonciades, Place de la R\u00e9sistance \u00e0 Boulogne-sur-mer. Entr\u00e9e libre.<\/em><\/p>\n<p>\u00a0<\/p>\n<p> <\/p>\n<p>Vendredi 18 novembre 2022 <em>La Femme au Moyen-Age<\/em> par Isabelle Clauzel<\/p>\n<p> <\/p>\n<p>Vendredi 9 d\u00e9cembre 2022 <em>Wimereux, fin 19e si\u00e8cle, naissance d&rsquo;une station touristique<\/em> par Sylvie Petitbois-Montador<\/p>\n<p> <\/p>\n<p>Vendredi 20 janvier 2023 <em>Avant l&rsquo;Universit\u00e9, le film sur l&rsquo;h\u00f4pital Saint-Louis<\/em> par Daniel Tintillier<\/p>\n<p> <\/p>\n<p>Vendredi 24 f\u00e9vrier 2023 <em>Les compositeurs qui franchissaient la Manche : Mozart, Haydn, Rossini, Mendelsshon et d&rsquo;autres<\/em> par Albrecht Von Soehnen<\/p>\n<p> <\/p>\n<p>Vendredi 17 mars 2023 <em>Gustave Caillebotte, peintre et m\u00e9c\u00e8ne, suite <\/em>par R\u00e9gine Gauchez<\/p>\n<p> <\/p>\n<p>Vendredi 7 avril 2023 <em>Les tombes de guerre du Commonwealth<\/em> par Rapha\u00ebl Willay<\/p>\n<p> <\/p>\n<p>Vendredi 12 mai 2023 <em>Les revues patoisantes boulonnaises de 1930 \u00e0 1950 <\/em>par Anne-Marie Cojez<\/p>\n<p> <\/p>\n<p>Vendredi 16 juin 2023 <em>Deux cents ans d&rsquo;Offenbach<\/em> par Dominique Ghesqui\u00e8re<\/p>\n<p><\/p>\n","protected":false},"excerpt":{"rendered":"<p>Les conf\u00e9rences ont lieu \u00e0 18h, salle Cassar, Biblioth\u00e8que des Annonciades, Place de la R\u00e9sistance \u00e0 Boulogne-sur-mer. Entr\u00e9e libre. \u00a0 Vendredi 18 novembre 2022 La Femme au Moyen-Age par Isabelle Clauzel Vendredi 9 d\u00e9cembre 2022 Wimereux, fin 19e si\u00e8cle, naissance d&rsquo;une station touristique par Sylvie Petitbois-Montador Vendredi 20 janvier 2023 Avant l&rsquo;Universit\u00e9, le film sur &hellip; <a href=\"https:\/\/www.renaissance-vieux-boulogne.fr\/?p=3379\" class=\"more-link\">Continuer la lecture de <span class=\"screen-reader-text\">Programme des conf\u00e9rences 2022-2023<\/span>  <span class=\"meta-nav\">&rarr;<\/span><\/a><\/p>\n","protected":false},"author":1,"featured_media":0,"comment_status":"closed","ping_status":"closed","sticky":false,"template":"","format":"standard","meta":{"footnotes":""},"categories":[7],"tags":[],"class_list":["post-3379","post","type-post","status-publish","format-standard","hentry","category-conference"],"_links":{"self":[{"href":"https:\/\/www.renaissance-vieux-boulogne.fr\/index.php?rest_route=\/wp\/v2\/posts\/3379","targetHints":{"allow":["GET"]}}],"collection":[{"href":"https:\/\/www.renaissance-vieux-boulogne.fr\/index.php?rest_route=\/wp\/v2\/posts"}],"about":[{"href":"https:\/\/www.renaissance-vieux-boulogne.fr\/index.php?rest_route=\/wp\/v2\/types\/post"}],"author":[{"embeddable":true,"href":"https:\/\/www.renaissance-vieux-boulogne.fr\/index.php?rest_route=\/wp\/v2\/users\/1"}],"replies":[{"embeddable":true,"href":"https:\/\/www.renaissance-vieux-boulogne.fr\/index.php?rest_route=%2Fwp%2Fv2%2Fcomments&post=3379"}],"version-history":[{"count":1,"href":"https:\/\/www.renaissance-vieux-boulogne.fr\/index.php?rest_route=\/wp\/v2\/posts\/3379\/revisions"}],"predecessor-version":[{"id":3380,"href":"https:\/\/www.renaissance-vieux-boulogne.fr\/index.php?rest_route=\/wp\/v2\/posts\/3379\/revisions\/3380"}],"wp:attachment":[{"href":"https:\/\/www.renaissance-vieux-boulogne.fr\/index.php?rest_route=%2Fwp%2Fv2%2Fmedia&parent=3379"}],"wp:term":[{"taxonomy":"category","embeddable":true,"href":"https:\/\/www.renaissance-vieux-boulogne.fr\/index.php?rest_route=%2Fwp%2Fv2%2Fcategories&post=3379"},{"taxonomy":"post_tag","embeddable":true,"href":"https:\/\/www.renaissance-vieux-boulogne.fr\/index.php?rest_route=%2Fwp%2Fv2%2Ftags&post=3379"}],"curies":[{"name":"wp","href":"https:\/\/api.w.org\/{rel}","templated":true}]}}