{"id":3420,"date":"2022-11-19T11:34:05","date_gmt":"2022-11-19T10:34:05","guid":{"rendered":"https:\/\/www.renaissance-vieux-boulogne.fr\/?p=3420"},"modified":"2022-12-20T12:20:00","modified_gmt":"2022-12-20T11:20:00","slug":"conference-les-boulonnaises-au-moyen-age","status":"publish","type":"post","link":"https:\/\/www.renaissance-vieux-boulogne.fr\/?p=3420","title":{"rendered":"Les Boulonnaises au Moyen-Age"},"content":{"rendered":"\n<p><strong>CONFERENCE<\/strong> donn\u00e9e le 29 novembre 2022 par<strong> Madame Isabelle Clauzel<\/strong><\/p>\n\n\n\n<figure class=\"wp-block-image size-large\"><a href=\"https:\/\/www.renaissance-vieux-boulogne.fr\/wp-content\/uploads\/2022\/11\/rvb_f_m_a.jpg\"><img loading=\"lazy\" decoding=\"async\" width=\"1024\" height=\"768\" src=\"https:\/\/www.renaissance-vieux-boulogne.fr\/wp-content\/uploads\/2022\/11\/rvb_f_m_a-1024x768.jpg\" alt=\"\" class=\"wp-image-3410\" srcset=\"https:\/\/www.renaissance-vieux-boulogne.fr\/wp-content\/uploads\/2022\/11\/rvb_f_m_a-1024x768.jpg 1024w, https:\/\/www.renaissance-vieux-boulogne.fr\/wp-content\/uploads\/2022\/11\/rvb_f_m_a-300x225.jpg 300w, https:\/\/www.renaissance-vieux-boulogne.fr\/wp-content\/uploads\/2022\/11\/rvb_f_m_a-768x576.jpg 768w, https:\/\/www.renaissance-vieux-boulogne.fr\/wp-content\/uploads\/2022\/11\/rvb_f_m_a-1536x1152.jpg 1536w, https:\/\/www.renaissance-vieux-boulogne.fr\/wp-content\/uploads\/2022\/11\/rvb_f_m_a-2048x1536.jpg 2048w\" sizes=\"auto, (max-width: 1024px) 100vw, 1024px\" \/><\/a><\/figure>\n\n\n\n<p class=\"has-text-align-center\"><em>La naissance, bas-relief de la cath\u00e9drale d\u2019Amiens, clich\u00e9 I. CLAUZEL<\/em><\/p>\n\n\n\n<p>En d\u00e9pit d\u2019une mauvaise r\u00e9putation tenace, le lointain Moyen Age a pos\u00e9 les bases de notre vie quotidienne. Gr\u00e2ce \u00e0 de pr\u00e9cieux documents ayant travers\u00e9 les si\u00e8cles, la m\u00e9di\u00e9viste Isabelle Clauzel propose de nous faire rencontrer virtuellement les Boulonnaises du temps jadis. Qu\u2019elles soient princesses ou vendeuses de poisson, mendiantes ou religieuses, nos lointaines parentes appara\u00eetront sur leur lieu de travail et chez elles. Nous d\u00e9couvrirons leur logis, leurs loisirs et leurs pr\u00e9occupations, et m\u00eame\u2026 leurs travers, depuis l\u2019\u00e2ge du berceau jusqu\u2019\u00e0 la vieillesse. Enfants et adolescents sont les bienvenus.<\/p>\n\n\n\n<p>Isabelle Clauzel est docteur en histoire m\u00e9di\u00e9vale, pr\u00e9sidente du Cercle d\u2019Etudes en Pays Boulonnais et de la F\u00e9d\u00e9ration des Soci\u00e9t\u00e9s Savantes du Nord de la France. Auteur de nombreux ouvrages, elle est \u00e9galement chroniqueuse pour la presse locale et responsable d\u2019un centre municipal d\u2019archives.<\/p>\n","protected":false},"excerpt":{"rendered":"<p>CONFERENCE donn\u00e9e le 29 novembre 2022 par Madame Isabelle Clauzel La naissance, bas-relief de la cath\u00e9drale d\u2019Amiens, clich\u00e9 I. CLAUZEL En d\u00e9pit d\u2019une mauvaise r\u00e9putation tenace, le lointain Moyen Age a pos\u00e9 les bases de notre vie quotidienne. Gr\u00e2ce \u00e0 de pr\u00e9cieux documents ayant travers\u00e9 les si\u00e8cles, la m\u00e9di\u00e9viste Isabelle Clauzel propose de nous faire &hellip; <a href=\"https:\/\/www.renaissance-vieux-boulogne.fr\/?p=3420\" class=\"more-link\">Continuer la lecture de <span class=\"screen-reader-text\">Les Boulonnaises au Moyen-Age<\/span>  <span class=\"meta-nav\">&rarr;<\/span><\/a><\/p>\n","protected":false},"author":1,"featured_media":0,"comment_status":"closed","ping_status":"closed","sticky":false,"template":"","format":"standard","meta":{"footnotes":""},"categories":[7],"tags":[],"class_list":["post-3420","post","type-post","status-publish","format-standard","hentry","category-conference"],"_links":{"self":[{"href":"https:\/\/www.renaissance-vieux-boulogne.fr\/index.php?rest_route=\/wp\/v2\/posts\/3420","targetHints":{"allow":["GET"]}}],"collection":[{"href":"https:\/\/www.renaissance-vieux-boulogne.fr\/index.php?rest_route=\/wp\/v2\/posts"}],"about":[{"href":"https:\/\/www.renaissance-vieux-boulogne.fr\/index.php?rest_route=\/wp\/v2\/types\/post"}],"author":[{"embeddable":true,"href":"https:\/\/www.renaissance-vieux-boulogne.fr\/index.php?rest_route=\/wp\/v2\/users\/1"}],"replies":[{"embeddable":true,"href":"https:\/\/www.renaissance-vieux-boulogne.fr\/index.php?rest_route=%2Fwp%2Fv2%2Fcomments&post=3420"}],"version-history":[{"count":14,"href":"https:\/\/www.renaissance-vieux-boulogne.fr\/index.php?rest_route=\/wp\/v2\/posts\/3420\/revisions"}],"predecessor-version":[{"id":3460,"href":"https:\/\/www.renaissance-vieux-boulogne.fr\/index.php?rest_route=\/wp\/v2\/posts\/3420\/revisions\/3460"}],"wp:attachment":[{"href":"https:\/\/www.renaissance-vieux-boulogne.fr\/index.php?rest_route=%2Fwp%2Fv2%2Fmedia&parent=3420"}],"wp:term":[{"taxonomy":"category","embeddable":true,"href":"https:\/\/www.renaissance-vieux-boulogne.fr\/index.php?rest_route=%2Fwp%2Fv2%2Fcategories&post=3420"},{"taxonomy":"post_tag","embeddable":true,"href":"https:\/\/www.renaissance-vieux-boulogne.fr\/index.php?rest_route=%2Fwp%2Fv2%2Ftags&post=3420"}],"curies":[{"name":"wp","href":"https:\/\/api.w.org\/{rel}","templated":true}]}}