{"id":3456,"date":"2022-12-20T12:16:32","date_gmt":"2022-12-20T11:16:32","guid":{"rendered":"https:\/\/www.renaissance-vieux-boulogne.fr\/?p=3456"},"modified":"2022-12-20T12:17:56","modified_gmt":"2022-12-20T11:17:56","slug":"wimereux-naissance-dune-station-balneaire","status":"publish","type":"post","link":"https:\/\/www.renaissance-vieux-boulogne.fr\/?p=3456","title":{"rendered":"Wimereux, naissance d&rsquo;une station baln\u00e9aire"},"content":{"rendered":"\n<p><strong>CONFERENCE<\/strong> donn\u00e9e le 9 d\u00e9cembre 2022<\/p>\n\n\n\n<p><strong>par Madame Sylvie Petitbois-Montador<\/strong><\/p>\n\n\n\n<p>Guide-conf\u00e9renci\u00e8re<\/p>\n\n\n\n<p><em><strong>Wimereux, naissance d\u2019une station baln\u00e9aire<\/strong><\/em><\/p>\n\n\n\n<figure class=\"wp-block-image\"><a href=\"https:\/\/www.renaissance-vieux-boulogne.fr\/wp-content\/uploads\/2022\/11\/rvb_conference_wimereux_gros_plan.jpg\"><img loading=\"lazy\" decoding=\"async\" width=\"1024\" height=\"559\" src=\"https:\/\/www.renaissance-vieux-boulogne.fr\/wp-content\/uploads\/2022\/11\/rvb_conference_wimereux_gros_plan-1024x559.jpg\" alt=\"\" class=\"wp-image-3418\" srcset=\"https:\/\/www.renaissance-vieux-boulogne.fr\/wp-content\/uploads\/2022\/11\/rvb_conference_wimereux_gros_plan-1024x559.jpg 1024w, https:\/\/www.renaissance-vieux-boulogne.fr\/wp-content\/uploads\/2022\/11\/rvb_conference_wimereux_gros_plan-300x164.jpg 300w, https:\/\/www.renaissance-vieux-boulogne.fr\/wp-content\/uploads\/2022\/11\/rvb_conference_wimereux_gros_plan-768x419.jpg 768w, https:\/\/www.renaissance-vieux-boulogne.fr\/wp-content\/uploads\/2022\/11\/rvb_conference_wimereux_gros_plan-1536x838.jpg 1536w, https:\/\/www.renaissance-vieux-boulogne.fr\/wp-content\/uploads\/2022\/11\/rvb_conference_wimereux_gros_plan-2048x1118.jpg 2048w\" sizes=\"auto, (max-width: 1024px) 100vw, 1024px\" \/><\/a><\/figure>\n\n\n\n<p>\u00ab Doter ce coin de dunes d\u2019une station baln\u00e9aire, quel projet fou \u2026 quels furent donc les premiers propri\u00e9taires qui b\u00e2tirent ces belles villas au XIX<sup>e<\/sup>&nbsp;si\u00e8cle, quels en sont les diff\u00e9rents styles architecturaux dont la diversit\u00e9 fait encore aujourd\u2019hui le charme de Wimereux.&nbsp;\u00bb<\/p>\n\n\n\n<p>Sylvie Petitbois-Montador est guide-conf\u00e9renci\u00e8re \u00e0 Boulogne-sur-Mer depuis plus de 20 ans, g\u00e9n\u00e9alogiste, membre de l\u2019association \u00ab&nbsp;Le Charme de Wimereux&nbsp;\u00bb qui \u0153uvre pour la mise en valeur du patrimoine baln\u00e9aire, charg\u00e9e des recherches historiques sur les origines des villas de Wimereux.<\/p>\n\n\n\n<p>__________<\/p>\n\n\n","protected":false},"excerpt":{"rendered":"<p>CONFERENCE donn\u00e9e le 9 d\u00e9cembre 2022 par Madame Sylvie Petitbois-Montador Guide-conf\u00e9renci\u00e8re Wimereux, naissance d\u2019une station baln\u00e9aire \u00ab Doter ce coin de dunes d\u2019une station baln\u00e9aire, quel projet fou \u2026 quels furent donc les premiers propri\u00e9taires qui b\u00e2tirent ces belles villas au XIXe&nbsp;si\u00e8cle, quels en sont les diff\u00e9rents styles architecturaux dont la diversit\u00e9 fait encore aujourd\u2019hui &hellip; <a href=\"https:\/\/www.renaissance-vieux-boulogne.fr\/?p=3456\" class=\"more-link\">Continuer la lecture de <span class=\"screen-reader-text\">Wimereux, naissance d&rsquo;une station baln\u00e9aire<\/span>  <span class=\"meta-nav\">&rarr;<\/span><\/a><\/p>\n","protected":false},"author":1,"featured_media":0,"comment_status":"closed","ping_status":"closed","sticky":false,"template":"","format":"standard","meta":{"footnotes":""},"categories":[7],"tags":[],"class_list":["post-3456","post","type-post","status-publish","format-standard","hentry","category-conference"],"_links":{"self":[{"href":"https:\/\/www.renaissance-vieux-boulogne.fr\/index.php?rest_route=\/wp\/v2\/posts\/3456","targetHints":{"allow":["GET"]}}],"collection":[{"href":"https:\/\/www.renaissance-vieux-boulogne.fr\/index.php?rest_route=\/wp\/v2\/posts"}],"about":[{"href":"https:\/\/www.renaissance-vieux-boulogne.fr\/index.php?rest_route=\/wp\/v2\/types\/post"}],"author":[{"embeddable":true,"href":"https:\/\/www.renaissance-vieux-boulogne.fr\/index.php?rest_route=\/wp\/v2\/users\/1"}],"replies":[{"embeddable":true,"href":"https:\/\/www.renaissance-vieux-boulogne.fr\/index.php?rest_route=%2Fwp%2Fv2%2Fcomments&post=3456"}],"version-history":[{"count":2,"href":"https:\/\/www.renaissance-vieux-boulogne.fr\/index.php?rest_route=\/wp\/v2\/posts\/3456\/revisions"}],"predecessor-version":[{"id":3458,"href":"https:\/\/www.renaissance-vieux-boulogne.fr\/index.php?rest_route=\/wp\/v2\/posts\/3456\/revisions\/3458"}],"wp:attachment":[{"href":"https:\/\/www.renaissance-vieux-boulogne.fr\/index.php?rest_route=%2Fwp%2Fv2%2Fmedia&parent=3456"}],"wp:term":[{"taxonomy":"category","embeddable":true,"href":"https:\/\/www.renaissance-vieux-boulogne.fr\/index.php?rest_route=%2Fwp%2Fv2%2Fcategories&post=3456"},{"taxonomy":"post_tag","embeddable":true,"href":"https:\/\/www.renaissance-vieux-boulogne.fr\/index.php?rest_route=%2Fwp%2Fv2%2Ftags&post=3456"}],"curies":[{"name":"wp","href":"https:\/\/api.w.org\/{rel}","templated":true}]}}