{"id":351,"date":"2014-11-21T10:58:28","date_gmt":"2014-11-21T09:58:28","guid":{"rendered":"http:\/\/www.renaissance-vieux-boulogne.fr\/?p=351"},"modified":"2015-03-11T17:22:20","modified_gmt":"2015-03-11T16:22:20","slug":"dominique-ghesquiere","status":"publish","type":"post","link":"https:\/\/www.renaissance-vieux-boulogne.fr\/?p=351","title":{"rendered":"Dominique Ghesqui\u00e8re"},"content":{"rendered":"<div><\/div>\n<div><a href=\"http:\/\/www.renaissance-vieux-boulogne.fr\/wp-content\/uploads\/2014\/11\/dominique_ghesquiere.jpg\"><img loading=\"lazy\" decoding=\"async\" class=\"size-medium wp-image-345 aligncenter\" src=\"http:\/\/www.renaissance-vieux-boulogne.fr\/wp-content\/uploads\/2014\/11\/dominique_ghesquiere-160x300.jpg\" alt=\"dominique_ghesquiere\" width=\"160\" height=\"300\" srcset=\"https:\/\/www.renaissance-vieux-boulogne.fr\/wp-content\/uploads\/2014\/11\/dominique_ghesquiere-160x300.jpg 160w, https:\/\/www.renaissance-vieux-boulogne.fr\/wp-content\/uploads\/2014\/11\/dominique_ghesquiere.jpg 248w\" sizes=\"auto, (max-width: 160px) 100vw, 160px\" \/><\/a><\/div>\n<div style=\"text-align: center;\">Dominique Ghesqui\u00e8re<\/div>\n<div><\/div>\n<div>\u00c9crivain, critique et conf\u00e9rencier, ce Boulonnais de naissance est passionn\u00e9 depuis l\u2019enfance par l\u2019op\u00e9ra-comique, l\u2019op\u00e9ra bouffe et l\u2019op\u00e9ra. Il est aujourd\u2019hui un sp\u00e9cialiste reconnu de Pierre-Alexandre Monsigny, de Jacques Offenbach et de Herv\u00e9 (rival d&rsquo;Offenbach et natif de notre Pas-de-calais), qu\u2019il contribue \u00e0 faire conna\u00eetre de par l\u2019Hexagone, et au-del\u00e0.Son travail de recherche a abouti \u00e0 la publication de plusieurs ouvrages, parmi lesquels :<br \/>\n&#8211; <em>Herv\u00e9, un musicien paradoxal<\/em> (en collaboration avec Ren\u00e9e Cariven, 1992). Jean-Claude Yon, Ma\u00eetre de Conf\u00e9rence et biographe de Jacques Offenbach pour les \u00e9ditions Gallimard, \u00e9crira \u00ab\u00a0Dominique Ghesqui\u00e8re est un sp\u00e9cialiste international reconnu d\u2019Offenbach et de Herv\u00e9, sur lequel son livre fait aujourd\u2019hui r\u00e9f\u00e9rence\u00a0\u00bb.<br \/>\n&#8211; <em>Pierre Alexandre Monsigny, un des p\u00e8res de l\u2019op\u00e9ra-comique fran\u00e7ais<\/em> (2006), qu\u2019Op\u00e9ra-Magazine critiquera ainsi : \u00ab\u00a0Cette monographie concise et pr\u00e9cise, bien illustr\u00e9e et parfaitement document\u00e9e, situe parfaitement ce musicien aussi important dans l\u2019histoire du th\u00e9\u00e2tre lyrique fran\u00e7ais que n\u00e9glig\u00e9\u00a0\u00bb<br \/>\n&#8211; Autour de Jacques Offenbach, en \u00e9dition bilingue fran\u00e7ais \/ allemand : <em>Les Ma\u00eetres de l\u2019humour en musique<\/em> : Herv\u00e9 et Jacques Offenbach ; <em>Jacques Offenbach et Friedrich von Flotow<\/em> ; <em>Jacques Offenbach et Vienne<\/em> ; <em>Jacques Offenbach et Bad-Ems<\/em> ; <em>Aim\u00e9 Isidore Briguiboul et la grande \u00e9poque d\u2019Offenbach au Casino de Bad-Ems.<\/em><\/p>\n<p>Le \u00ab\u00a0Magazine Napol\u00e9on III\u00a0\u00bb , la \u00ab\u00a0Revue Op\u00e9rette\u00a0\u00bb, en ont fait l\u2019un de leurs auteurs r\u00e9guliers, et publient autant ses articles de fond sur les grands personnages ayant influenc\u00e9 la cr\u00e9ation lyrique du Second Empire, que ses critiques. La revue \u00ab\u00a0Avant-Sc\u00e8ne Op\u00e9ra\u00a0\u00bb\u00a0 a fait appel a lui pour la r\u00e9daction de ses num\u00e9ros traitant des \u0153uvres de Jacques Offenbach.<\/p>\n<p>Les Maisons d\u2019Op\u00e9ra de Nice, de Massy, de Tourcoing, de Bordeaux\u2026 lui demandent de r\u00e9diger analyses et arguments pour leurs programmes de salle sur\u00a0 Rossini, Mozart, Donizetti, Offenbach\u2026 \u00ab\u00a0La qualit\u00e9 de ses textes et le caract\u00e8re in\u00e9dit de multiples informations biographiques ont inscrit M. Dominique Ghesqui\u00e8re dans la br\u00e8ve liste des auteurs r\u00e9guliers de l\u2019Op\u00e9ra National de Bordeaux\u00a0\u00bb (Laurent Croizier, Directeur du d\u00e9partement Dramaturgie au Grand Th\u00e9\u00e2tre de Bordeaux).<\/p>\n<p>Consultant aupr\u00e8s des mus\u00e9es, il a particip\u00e9 \u00e0 la r\u00e9daction du catalogue de l\u2019Exposition Offenbach au Mus\u00e9e d\u2019Orsay ; est intervenu \u00e0 l\u2019invitation de Pierre Comte-Offenbach lors des c\u00e9r\u00e9monies officielles comm\u00e9morant le centenaire de la mort du compositeur, en pr\u00e9sence d\u2019Alain Decaux qui lui d\u00e9dicacera son ouvrage Offenbach, roi du second Empire : \u00ab\u00a0A Dominique Ghesqui\u00e8re, qui conna\u00eet Offenbach mieux que moi\u00a0\u00bb ; a r\u00e9alis\u00e9 une exposition sur le compositeur Charles Lecocq \u00e0 Arras \u00ab\u00a0Il fallait un passionn\u00e9 d\u2019op\u00e9ra-comique pour r\u00e9aliser ce travail, r\u00e9sultat de plusieurs ann\u00e9es de recherche\u00a0\u00bb (La Voix du Nord) ; une autre sur Jacques Offenbach \u00e0 Saint-Rapha\u00ebl \u00ab\u00a0Bravo et merci de servir avec talent mon illustre a\u00efeul\u00a0\u00bb (Baudouin Comte-Offenbach).<\/p>\n<p>Il contribue activement \u00e0 la renaissance et \u00e0 la (re-)cr\u00e9ation d\u2019\u0153uvres oubli\u00e9es : <em>L\u2018Elixir<\/em>, op\u00e9ra-comique de Herv\u00e9, cr\u00e9\u00e9 d\u2019apr\u00e8s le manuscrit retrouv\u00e9 (Caen) ; reprise du\u00a0<em> Petit Faust<\/em>, op\u00e9ra-bouffe de Herv\u00e9 (Th\u00e9\u00e2tre D\u00e9jazet &#8211; Paris) et de<em> Chilp\u00e9ric<\/em>, op\u00e9ra-bouffe de Herv\u00e9, apr\u00e8s 120 ann\u00e9es d\u2019absence \u00e0 l\u2019affiche (Grand Th\u00e9\u00e2tre d\u2019Angers) ; Adaptation fran\u00e7aise de <em>Christopher Colombus<\/em>, op\u00e9ra-bouffe de Jacques Offenbach (Grand Th\u00e9\u00e2tre de Reims) ; re-cr\u00e9ation de pages de musique religieuse de Florimond Ronger, dit Herv\u00e9 (Saint-Omer) ; consultant pour l\u2019\u00e9dition des \u0153uvres compl\u00e8tes de Jacques Offenbach (Boosey and Hawkes, sous la direction de Jean-Christophe Keck, Allemagne).<\/p>\n<p>Beno\u00eet Duteurtre l\u2019a longuement interview\u00e9 \u00e0 trois reprises lors de ses \u00e9missions consacr\u00e9es, sur France Musique, \u00e0 Jacques Offenbach et \u00e0 Herv\u00e9. La transmission orale \u00e9tant aussi importante pour lui que la transmission \u00e9crite, il donne \u00e9galement des conf\u00e9rences, \u00e0 travers tout le territoire, sur ses compositeurs, grands personnages et \u0153uvres de pr\u00e9dilection.<\/p>\n<p>Attach\u00e9 \u00e0 faire davantage conna\u00eetre la musique lyrique \u00e0 Boulogne-sur-Mer, il y donne chaque ann\u00e9e des conf\u00e9rences, m\u00e9diatis\u00e9es lors d\u2019\u00e9missions th\u00e9matiques sur la station radio <em>Transat FM<\/em>, et soutenues par les associations <em>Renaissance du Vieux-Boulogne<\/em> et <em>Les Amis de<\/em> <em>Charles Dickens<\/em>. Il contribue aux repr\u00e9sentations de <em>Opal Sinfonietta<\/em> au b\u00e9n\u00e9fice de l\u2019UNICEF.<\/p>\n<p>Cette passion pour l\u2019intrigue th\u00e9\u00e2trale chant\u00e9e ou parl\u00e9e , et pour le public, l\u2019a amen\u00e9 \u00e0 \u00e9crire, et \u00e0 voir repr\u00e9sent\u00e9es et publi\u00e9es, deux com\u00e9dies pour la sc\u00e8ne : <em>Chirurgie artistique<\/em> (en collaboration avec Pierre Hardy) ; et, en collaboration avec Pascal Chivet, <em>L\u2019Emprunt russe<\/em>, \u00e0 propos duquel Jean-Claude Brialy \u00e9crira \u00ab\u00a0Je lis, je relis, je ne corrige rien\u00a0\u00bb.<\/p>\n<\/div>\n","protected":false},"excerpt":{"rendered":"<p>Dominique Ghesqui\u00e8re \u00c9crivain, critique et conf\u00e9rencier, ce Boulonnais de naissance est passionn\u00e9 depuis l\u2019enfance par l\u2019op\u00e9ra-comique, l\u2019op\u00e9ra bouffe et l\u2019op\u00e9ra. Il est aujourd\u2019hui un sp\u00e9cialiste reconnu de Pierre-Alexandre Monsigny, de Jacques Offenbach et de Herv\u00e9 (rival d&rsquo;Offenbach et natif de notre Pas-de-calais), qu\u2019il contribue \u00e0 faire conna\u00eetre de par l\u2019Hexagone, et au-del\u00e0.Son travail de recherche &hellip; <a href=\"https:\/\/www.renaissance-vieux-boulogne.fr\/?p=351\" class=\"more-link\">Continuer la lecture de <span class=\"screen-reader-text\">Dominique Ghesqui\u00e8re<\/span>  <span class=\"meta-nav\">&rarr;<\/span><\/a><\/p>\n","protected":false},"author":1,"featured_media":0,"comment_status":"closed","ping_status":"closed","sticky":false,"template":"","format":"standard","meta":{"footnotes":""},"categories":[7],"tags":[],"class_list":["post-351","post","type-post","status-publish","format-standard","hentry","category-conference"],"_links":{"self":[{"href":"https:\/\/www.renaissance-vieux-boulogne.fr\/index.php?rest_route=\/wp\/v2\/posts\/351","targetHints":{"allow":["GET"]}}],"collection":[{"href":"https:\/\/www.renaissance-vieux-boulogne.fr\/index.php?rest_route=\/wp\/v2\/posts"}],"about":[{"href":"https:\/\/www.renaissance-vieux-boulogne.fr\/index.php?rest_route=\/wp\/v2\/types\/post"}],"author":[{"embeddable":true,"href":"https:\/\/www.renaissance-vieux-boulogne.fr\/index.php?rest_route=\/wp\/v2\/users\/1"}],"replies":[{"embeddable":true,"href":"https:\/\/www.renaissance-vieux-boulogne.fr\/index.php?rest_route=%2Fwp%2Fv2%2Fcomments&post=351"}],"version-history":[{"count":1,"href":"https:\/\/www.renaissance-vieux-boulogne.fr\/index.php?rest_route=\/wp\/v2\/posts\/351\/revisions"}],"predecessor-version":[{"id":352,"href":"https:\/\/www.renaissance-vieux-boulogne.fr\/index.php?rest_route=\/wp\/v2\/posts\/351\/revisions\/352"}],"wp:attachment":[{"href":"https:\/\/www.renaissance-vieux-boulogne.fr\/index.php?rest_route=%2Fwp%2Fv2%2Fmedia&parent=351"}],"wp:term":[{"taxonomy":"category","embeddable":true,"href":"https:\/\/www.renaissance-vieux-boulogne.fr\/index.php?rest_route=%2Fwp%2Fv2%2Fcategories&post=351"},{"taxonomy":"post_tag","embeddable":true,"href":"https:\/\/www.renaissance-vieux-boulogne.fr\/index.php?rest_route=%2Fwp%2Fv2%2Ftags&post=351"}],"curies":[{"name":"wp","href":"https:\/\/api.w.org\/{rel}","templated":true}]}}