{"id":3582,"date":"2023-03-22T17:04:24","date_gmt":"2023-03-22T16:04:24","guid":{"rendered":"https:\/\/www.renaissance-vieux-boulogne.fr\/?p=3582"},"modified":"2023-03-22T17:07:19","modified_gmt":"2023-03-22T16:07:19","slug":"conference-george-sand-a-paris","status":"publish","type":"post","link":"https:\/\/www.renaissance-vieux-boulogne.fr\/?p=3582","title":{"rendered":"Conf\u00e9rence George Sand \u00e0 Paris"},"content":{"rendered":"\n<p><\/p>\n<h4 style=\"text-align: center;\">Vendredi 17 mars 2023<\/h4>\n<p> <\/p>\n<p class=\"has-text-align-center\">\u00e0 18heures<\/p>\n<p> <\/p>\n<p class=\"has-text-align-center\"><em>Salle Cassar, Biblioth\u00e8que des Annonciades, Place de la R\u00e9sistance, Boulogne-sur-mer<\/em><\/p>\n<p> <\/p>\n<h4 style=\"text-align: center;\">CONFERENCE<\/h4>\n<p> <\/p>\n<h4 class=\"has-text-align-center\">de Madame R\u00e9gine Gauchez<\/h4>\n<p> <\/p>\n<h4 class=\"has-text-align-center\">George Sand \u00e0 Paris<\/h4>\n<p> <\/p>\n<p><a href=\"https:\/\/www.renaissance-vieux-boulogne.fr\/wp-content\/uploads\/2023\/02\/George_Sand.jpg\"><img loading=\"lazy\" decoding=\"async\" class=\"alignnone size-medium wp-image-3570 aligncenter\" src=\"https:\/\/www.renaissance-vieux-boulogne.fr\/wp-content\/uploads\/2023\/02\/George_Sand-225x300.jpg\" alt=\"\" width=\"225\" height=\"300\" srcset=\"https:\/\/www.renaissance-vieux-boulogne.fr\/wp-content\/uploads\/2023\/02\/George_Sand-225x300.jpg 225w, https:\/\/www.renaissance-vieux-boulogne.fr\/wp-content\/uploads\/2023\/02\/George_Sand-767x1024.jpg 767w, https:\/\/www.renaissance-vieux-boulogne.fr\/wp-content\/uploads\/2023\/02\/George_Sand-768x1025.jpg 768w, https:\/\/www.renaissance-vieux-boulogne.fr\/wp-content\/uploads\/2023\/02\/George_Sand.jpg 898w\" sizes=\"auto, (max-width: 225px) 100vw, 225px\" \/><\/a><\/p>\n<p> <\/p>\n<p><i>George Sand par Auguste Charpentier 1838, <\/i><i>Mus\u00e9e de la Vie Romantique<\/i><\/p>\n<h4>Contrairement\u00a0 \u00e0 l&rsquo;id\u00e9e re\u00e7ue de la naissance dans le Berry\u00a0 de\u00a0 George SAND, c&rsquo;est\u00a0 \u00e0 Paris\u00a0 qu&rsquo;elle est n\u00e9e, qu&rsquo;elle grandira et\u00a0 c&rsquo;est\u00a0 dans la\u00a0 capitale\u00a0 qu&rsquo;elle\u00a0 d\u00e9veloppera son talent d&rsquo;\u00e9crivain\u00a0 et de femme libre.<\/h4>\n<p align=\"CENTER\">\u00a0<\/p>\n<p><\/p>\n\n\n","protected":false},"excerpt":{"rendered":"","protected":false},"author":1,"featured_media":0,"comment_status":"closed","ping_status":"closed","sticky":false,"template":"","format":"standard","meta":{"footnotes":""},"categories":[7],"tags":[],"class_list":["post-3582","post","type-post","status-publish","format-standard","hentry","category-conference"],"_links":{"self":[{"href":"https:\/\/www.renaissance-vieux-boulogne.fr\/index.php?rest_route=\/wp\/v2\/posts\/3582","targetHints":{"allow":["GET"]}}],"collection":[{"href":"https:\/\/www.renaissance-vieux-boulogne.fr\/index.php?rest_route=\/wp\/v2\/posts"}],"about":[{"href":"https:\/\/www.renaissance-vieux-boulogne.fr\/index.php?rest_route=\/wp\/v2\/types\/post"}],"author":[{"embeddable":true,"href":"https:\/\/www.renaissance-vieux-boulogne.fr\/index.php?rest_route=\/wp\/v2\/users\/1"}],"replies":[{"embeddable":true,"href":"https:\/\/www.renaissance-vieux-boulogne.fr\/index.php?rest_route=%2Fwp%2Fv2%2Fcomments&post=3582"}],"version-history":[{"count":1,"href":"https:\/\/www.renaissance-vieux-boulogne.fr\/index.php?rest_route=\/wp\/v2\/posts\/3582\/revisions"}],"predecessor-version":[{"id":3583,"href":"https:\/\/www.renaissance-vieux-boulogne.fr\/index.php?rest_route=\/wp\/v2\/posts\/3582\/revisions\/3583"}],"wp:attachment":[{"href":"https:\/\/www.renaissance-vieux-boulogne.fr\/index.php?rest_route=%2Fwp%2Fv2%2Fmedia&parent=3582"}],"wp:term":[{"taxonomy":"category","embeddable":true,"href":"https:\/\/www.renaissance-vieux-boulogne.fr\/index.php?rest_route=%2Fwp%2Fv2%2Fcategories&post=3582"},{"taxonomy":"post_tag","embeddable":true,"href":"https:\/\/www.renaissance-vieux-boulogne.fr\/index.php?rest_route=%2Fwp%2Fv2%2Ftags&post=3582"}],"curies":[{"name":"wp","href":"https:\/\/api.w.org\/{rel}","templated":true}]}}