{"id":3624,"date":"2023-04-22T10:05:07","date_gmt":"2023-04-22T09:05:07","guid":{"rendered":"https:\/\/www.renaissance-vieux-boulogne.fr\/?p=3624"},"modified":"2023-04-22T10:07:46","modified_gmt":"2023-04-22T09:07:46","slug":"conference-les-tombes-de-guerre-du-commonwealth","status":"publish","type":"post","link":"https:\/\/www.renaissance-vieux-boulogne.fr\/?p=3624","title":{"rendered":"Conf\u00e9rence Les Tombes de guerre du Commonwealth"},"content":{"rendered":"\n<p><\/p>\n<p align=\"CENTER\">Vendredi 7 avril 2023<\/p>\n<p align=\"CENTER\">\u00e0 18 heures<\/p>\n<p align=\"CENTER\"><i>Salle Cassar, Biblioth\u00e8que des Annonciades, Place de la R\u00e9sistance, Boulogne-sur-mer <\/i><\/p>\n<p align=\"CENTER\"><b>CONFERENCE <\/b><\/p>\n<p align=\"CENTER\"><b>de Monsieur Rapha\u00ebl Willay<\/b><\/p>\n<p align=\"CENTER\"><i><b>Les Tombes de Guerre du Commonwealth<\/b><\/i><\/p>\n<p align=\"CENTER\"><a href=\"https:\/\/www.renaissance-vieux-boulogne.fr\/wp-content\/uploads\/2023\/03\/photo_tombes_guerre_commonwealth-scaled.jpg\"><img loading=\"lazy\" decoding=\"async\" class=\"alignnone size-medium wp-image-3590\" src=\"https:\/\/www.renaissance-vieux-boulogne.fr\/wp-content\/uploads\/2023\/03\/photo_tombes_guerre_commonwealth-300x225.jpg\" alt=\"\" width=\"300\" height=\"225\" srcset=\"https:\/\/www.renaissance-vieux-boulogne.fr\/wp-content\/uploads\/2023\/03\/photo_tombes_guerre_commonwealth-300x225.jpg 300w, https:\/\/www.renaissance-vieux-boulogne.fr\/wp-content\/uploads\/2023\/03\/photo_tombes_guerre_commonwealth-1024x768.jpg 1024w, https:\/\/www.renaissance-vieux-boulogne.fr\/wp-content\/uploads\/2023\/03\/photo_tombes_guerre_commonwealth-768x576.jpg 768w, https:\/\/www.renaissance-vieux-boulogne.fr\/wp-content\/uploads\/2023\/03\/photo_tombes_guerre_commonwealth-1536x1152.jpg 1536w, https:\/\/www.renaissance-vieux-boulogne.fr\/wp-content\/uploads\/2023\/03\/photo_tombes_guerre_commonwealth-2048x1536.jpg 2048w\" sizes=\"auto, (max-width: 300px) 100vw, 300px\" \/><\/a><\/p>\n<p align=\"CENTER\"><i>Cimeti\u00e8re du \u00ab\u00a0Faubourg d&rsquo;Amiens\u00a0\u00bb \u00e0 Arras, clich\u00e9 Rapha\u00ebl Willay<\/i><\/p>\n<p align=\"JUSTIFY\">Les tombes de guerre du Commonwealth, \u201cfoule mass\u00e9e de t\u00e9moins silencieux de la d\u00e9solation de la guerre\u201d, rendent compte \u00e0 la fois de la brutalit\u00e9 des conflits mondiaux et du d\u00e9sir de rendre hommage, de mani\u00e8re individuelle, \u00e0 chaque soldat tomb\u00e9 au champ d&rsquo;honneur.\u00a0L\u2019emplacement des n\u00e9cropoles, leur am\u00e9nagement et le traitement des s\u00e9pultures refl\u00e8tent aussi les collaborations et oppositions entre militaires, hommes d&rsquo;\u00c9tat, artistes et familles de d\u00e9funts au d\u00e9but du XX<sup>e<\/sup> si\u00e8cle.<\/p>\n<p align=\"JUSTIFY\">\u00a0<\/p>\n<p><\/p>\n","protected":false},"excerpt":{"rendered":"","protected":false},"author":1,"featured_media":0,"comment_status":"closed","ping_status":"closed","sticky":false,"template":"","format":"standard","meta":{"footnotes":""},"categories":[7],"tags":[],"class_list":["post-3624","post","type-post","status-publish","format-standard","hentry","category-conference"],"_links":{"self":[{"href":"https:\/\/www.renaissance-vieux-boulogne.fr\/index.php?rest_route=\/wp\/v2\/posts\/3624","targetHints":{"allow":["GET"]}}],"collection":[{"href":"https:\/\/www.renaissance-vieux-boulogne.fr\/index.php?rest_route=\/wp\/v2\/posts"}],"about":[{"href":"https:\/\/www.renaissance-vieux-boulogne.fr\/index.php?rest_route=\/wp\/v2\/types\/post"}],"author":[{"embeddable":true,"href":"https:\/\/www.renaissance-vieux-boulogne.fr\/index.php?rest_route=\/wp\/v2\/users\/1"}],"replies":[{"embeddable":true,"href":"https:\/\/www.renaissance-vieux-boulogne.fr\/index.php?rest_route=%2Fwp%2Fv2%2Fcomments&post=3624"}],"version-history":[{"count":2,"href":"https:\/\/www.renaissance-vieux-boulogne.fr\/index.php?rest_route=\/wp\/v2\/posts\/3624\/revisions"}],"predecessor-version":[{"id":3626,"href":"https:\/\/www.renaissance-vieux-boulogne.fr\/index.php?rest_route=\/wp\/v2\/posts\/3624\/revisions\/3626"}],"wp:attachment":[{"href":"https:\/\/www.renaissance-vieux-boulogne.fr\/index.php?rest_route=%2Fwp%2Fv2%2Fmedia&parent=3624"}],"wp:term":[{"taxonomy":"category","embeddable":true,"href":"https:\/\/www.renaissance-vieux-boulogne.fr\/index.php?rest_route=%2Fwp%2Fv2%2Fcategories&post=3624"},{"taxonomy":"post_tag","embeddable":true,"href":"https:\/\/www.renaissance-vieux-boulogne.fr\/index.php?rest_route=%2Fwp%2Fv2%2Ftags&post=3624"}],"curies":[{"name":"wp","href":"https:\/\/api.w.org\/{rel}","templated":true}]}}