{"id":3666,"date":"2023-09-13T16:00:51","date_gmt":"2023-09-13T15:00:51","guid":{"rendered":"https:\/\/www.renaissance-vieux-boulogne.fr\/?p=3666"},"modified":"2023-09-13T16:08:51","modified_gmt":"2023-09-13T15:08:51","slug":"conference-la-zarzuela","status":"publish","type":"post","link":"https:\/\/www.renaissance-vieux-boulogne.fr\/?p=3666","title":{"rendered":"Conf\u00e9rence La Zarzuela"},"content":{"rendered":"\n<p><\/p>\n<p style=\"text-align: center;\"><strong>Vendredi 16 juin 2023<\/strong><br \/><strong>\u00e0 18 heures<\/strong><\/p>\n<p style=\"text-align: center;\">Salle Cassar, Biblioth\u00e8que des Annonciades, Place<br \/>de la R\u00e9sistance, Boulogne-sur-mer<\/p>\n<p style=\"text-align: center;\">Dur\u00e9e 90 minutes<\/p>\n<p style=\"text-align: center;\"><strong>CONFERENCE<\/strong><br \/>Par Dominique Ghesqui\u00e8re\u00a0<br \/><strong>La Zarzuela\u00a0<\/strong><\/p>\n<p> <\/p>\n<p style=\"text-align: center;\"><a href=\"https:\/\/www.renaissance-vieux-boulogne.fr\/wp-content\/uploads\/2023\/05\/rvb_Zarzuela.jpg\"><img loading=\"lazy\" decoding=\"async\" class=\"alignnone size-medium wp-image-3658\" src=\"https:\/\/www.renaissance-vieux-boulogne.fr\/wp-content\/uploads\/2023\/05\/rvb_Zarzuela-213x300.jpg\" alt=\"\" width=\"213\" height=\"300\" srcset=\"https:\/\/www.renaissance-vieux-boulogne.fr\/wp-content\/uploads\/2023\/05\/rvb_Zarzuela-213x300.jpg 213w, https:\/\/www.renaissance-vieux-boulogne.fr\/wp-content\/uploads\/2023\/05\/rvb_Zarzuela-728x1024.jpg 728w, https:\/\/www.renaissance-vieux-boulogne.fr\/wp-content\/uploads\/2023\/05\/rvb_Zarzuela-768x1080.jpg 768w, https:\/\/www.renaissance-vieux-boulogne.fr\/wp-content\/uploads\/2023\/05\/rvb_Zarzuela-1092x1536.jpg 1092w, https:\/\/www.renaissance-vieux-boulogne.fr\/wp-content\/uploads\/2023\/05\/rvb_Zarzuela.jpg 1138w\" sizes=\"auto, (max-width: 213px) 100vw, 213px\" \/><\/a><\/p>\n<p> <\/p>\n<p align=\"JUSTIFY\">Au milieu du XVII<sup>\u00e8me<\/sup> si\u00e8cle, presque cent ans avant que la France voie na\u00eetre l\u2019op\u00e9ra-comique, l\u2019Espagne donne le jour \u00e0 des ouvrages d\u2019un genre musical fort proche, aussit\u00f4t d\u00e9sign\u00e9 par le nom du lieu de leur cr\u00e9ation : Le Real Sitio de la <i>Zarzuela, <\/i>proche de Madrid<i>.<\/i> Au fil des ann\u00e9es ce style lyrique se d\u00e9veloppe tant par l\u2019int\u00e9r\u00eat qu\u2019il g\u00e9n\u00e8re que par sa conception \u00e9tablie en plusieurs actes, selon les modes classiques. Puis, d\u00e9pass\u00e9 par la musique italienne son attrait s\u2019estompe jusqu\u2019au dernier tiers du XIX<sup>\u00e8me<\/sup> si\u00e8cle. Les compositeurs de <i>Zarzuelas<\/i> en resserrent alors la structure, colorent leurs arias chant\u00e9es ainsi que leurs\u00a0 valses, mazurkas, et autres danses, de tournures musicales tr\u00e8s espagnoles, captant alors un immense public. Malgr\u00e9 les attaques visant sa popularit\u00e9, la cote de la <i>Zarzuela<\/i> explose jusqu\u2019aux ann\u00e9es 1930. Mis \u00e0 l\u2019\u00e9cart jusque la fin du r\u00e9gime franquiste, ce type de spectacle caract\u00e9ristique a d\u00e9sormais retrouv\u00e9 son succ\u00e8s en Espagne, laissant d\u2019ailleurs son nom \u00e0 une sp\u00e9cialit\u00e9 culinaire.<\/p>\n<p align=\"JUSTIFY\">\u00a0<\/p>\n<p align=\"JUSTIFY\">\u00a0<\/p>\n<p><\/p>\n","protected":false},"excerpt":{"rendered":"","protected":false},"author":1,"featured_media":0,"comment_status":"closed","ping_status":"closed","sticky":false,"template":"","format":"standard","meta":{"footnotes":""},"categories":[7],"tags":[],"class_list":["post-3666","post","type-post","status-publish","format-standard","hentry","category-conference"],"_links":{"self":[{"href":"https:\/\/www.renaissance-vieux-boulogne.fr\/index.php?rest_route=\/wp\/v2\/posts\/3666","targetHints":{"allow":["GET"]}}],"collection":[{"href":"https:\/\/www.renaissance-vieux-boulogne.fr\/index.php?rest_route=\/wp\/v2\/posts"}],"about":[{"href":"https:\/\/www.renaissance-vieux-boulogne.fr\/index.php?rest_route=\/wp\/v2\/types\/post"}],"author":[{"embeddable":true,"href":"https:\/\/www.renaissance-vieux-boulogne.fr\/index.php?rest_route=\/wp\/v2\/users\/1"}],"replies":[{"embeddable":true,"href":"https:\/\/www.renaissance-vieux-boulogne.fr\/index.php?rest_route=%2Fwp%2Fv2%2Fcomments&post=3666"}],"version-history":[{"count":3,"href":"https:\/\/www.renaissance-vieux-boulogne.fr\/index.php?rest_route=\/wp\/v2\/posts\/3666\/revisions"}],"predecessor-version":[{"id":3672,"href":"https:\/\/www.renaissance-vieux-boulogne.fr\/index.php?rest_route=\/wp\/v2\/posts\/3666\/revisions\/3672"}],"wp:attachment":[{"href":"https:\/\/www.renaissance-vieux-boulogne.fr\/index.php?rest_route=%2Fwp%2Fv2%2Fmedia&parent=3666"}],"wp:term":[{"taxonomy":"category","embeddable":true,"href":"https:\/\/www.renaissance-vieux-boulogne.fr\/index.php?rest_route=%2Fwp%2Fv2%2Fcategories&post=3666"},{"taxonomy":"post_tag","embeddable":true,"href":"https:\/\/www.renaissance-vieux-boulogne.fr\/index.php?rest_route=%2Fwp%2Fv2%2Ftags&post=3666"}],"curies":[{"name":"wp","href":"https:\/\/api.w.org\/{rel}","templated":true}]}}