{"id":3785,"date":"2023-12-14T19:07:29","date_gmt":"2023-12-14T18:07:29","guid":{"rendered":"https:\/\/www.renaissance-vieux-boulogne.fr\/?p=3785"},"modified":"2023-12-14T19:09:42","modified_gmt":"2023-12-14T18:09:42","slug":"conference-edward-jenner","status":"publish","type":"post","link":"https:\/\/www.renaissance-vieux-boulogne.fr\/?p=3785","title":{"rendered":"Conf\u00e9rence Edward Jenner"},"content":{"rendered":"\n<p><\/p>\n<p align=\"CENTER\">Vendredi 8 d\u00e9cembre 2023<\/p>\n<p align=\"CENTER\">\u00e0 18 heures<\/p>\n<h1 align=\"CENTER\"><i>Espace Culturel La Chapelle, Universit\u00e9 du Littoral, 21 rue Saint-Louis, Boulogne-sur-mer <\/i><\/h1>\n<p align=\"CENTER\"><b>CONFERENCE <\/b><\/p>\n<p align=\"CENTER\"><b>de Marie-Dominique LOBRY <\/b><\/p>\n<p align=\"CENTER\"><i><b>Bicentenaire de la mort du scientifique et m\u00e9decin Edward Jenner<\/b><\/i><\/p>\n<p align=\"CENTER\"><i><b><a href=\"https:\/\/www.renaissance-vieux-boulogne.fr\/wp-content\/uploads\/2023\/12\/RVB_statue_jenner_boulogne-scaled.jpg\"><img loading=\"lazy\" decoding=\"async\" class=\"alignnone size-medium wp-image-3779\" src=\"https:\/\/www.renaissance-vieux-boulogne.fr\/wp-content\/uploads\/2023\/12\/RVB_statue_jenner_boulogne-225x300.jpg\" alt=\"\" width=\"225\" height=\"300\" srcset=\"https:\/\/www.renaissance-vieux-boulogne.fr\/wp-content\/uploads\/2023\/12\/RVB_statue_jenner_boulogne-225x300.jpg 225w, https:\/\/www.renaissance-vieux-boulogne.fr\/wp-content\/uploads\/2023\/12\/RVB_statue_jenner_boulogne-768x1024.jpg 768w, https:\/\/www.renaissance-vieux-boulogne.fr\/wp-content\/uploads\/2023\/12\/RVB_statue_jenner_boulogne-1152x1536.jpg 1152w, https:\/\/www.renaissance-vieux-boulogne.fr\/wp-content\/uploads\/2023\/12\/RVB_statue_jenner_boulogne-1536x2048.jpg 1536w, https:\/\/www.renaissance-vieux-boulogne.fr\/wp-content\/uploads\/2023\/12\/RVB_statue_jenner_boulogne-scaled.jpg 1920w\" sizes=\"auto, (max-width: 225px) 100vw, 225px\" \/><\/a><\/b><\/i><\/p>\n<p> <\/p>\n<p align=\"JUSTIFY\">Cette ann\u00e9e, nous c\u00e9l\u00e9brons le bicentenaire du d\u00e9c\u00e8s d&rsquo;Edward Jenner (1749-1823) dont la statue se dresse\u00a0 aupr\u00e8s de nos remparts. Nous lui devons notamment la d\u00e9couverte de la vaccination contre la variole, maladie aujourd&rsquo;hui \u00e9radiqu\u00e9e. Mais pourquoi lui rend-on hommage \u00e0 Boulogne ? Marie-Dominique Lobry reviendra sur le parcours de cet illustre m\u00e9decin.<\/p>\n<p><\/p>\n\n\n","protected":false},"excerpt":{"rendered":"","protected":false},"author":1,"featured_media":0,"comment_status":"closed","ping_status":"closed","sticky":false,"template":"","format":"standard","meta":{"footnotes":""},"categories":[7],"tags":[],"class_list":["post-3785","post","type-post","status-publish","format-standard","hentry","category-conference"],"_links":{"self":[{"href":"https:\/\/www.renaissance-vieux-boulogne.fr\/index.php?rest_route=\/wp\/v2\/posts\/3785","targetHints":{"allow":["GET"]}}],"collection":[{"href":"https:\/\/www.renaissance-vieux-boulogne.fr\/index.php?rest_route=\/wp\/v2\/posts"}],"about":[{"href":"https:\/\/www.renaissance-vieux-boulogne.fr\/index.php?rest_route=\/wp\/v2\/types\/post"}],"author":[{"embeddable":true,"href":"https:\/\/www.renaissance-vieux-boulogne.fr\/index.php?rest_route=\/wp\/v2\/users\/1"}],"replies":[{"embeddable":true,"href":"https:\/\/www.renaissance-vieux-boulogne.fr\/index.php?rest_route=%2Fwp%2Fv2%2Fcomments&post=3785"}],"version-history":[{"count":1,"href":"https:\/\/www.renaissance-vieux-boulogne.fr\/index.php?rest_route=\/wp\/v2\/posts\/3785\/revisions"}],"predecessor-version":[{"id":3786,"href":"https:\/\/www.renaissance-vieux-boulogne.fr\/index.php?rest_route=\/wp\/v2\/posts\/3785\/revisions\/3786"}],"wp:attachment":[{"href":"https:\/\/www.renaissance-vieux-boulogne.fr\/index.php?rest_route=%2Fwp%2Fv2%2Fmedia&parent=3785"}],"wp:term":[{"taxonomy":"category","embeddable":true,"href":"https:\/\/www.renaissance-vieux-boulogne.fr\/index.php?rest_route=%2Fwp%2Fv2%2Fcategories&post=3785"},{"taxonomy":"post_tag","embeddable":true,"href":"https:\/\/www.renaissance-vieux-boulogne.fr\/index.php?rest_route=%2Fwp%2Fv2%2Ftags&post=3785"}],"curies":[{"name":"wp","href":"https:\/\/api.w.org\/{rel}","templated":true}]}}