{"id":3853,"date":"2024-02-13T19:44:26","date_gmt":"2024-02-13T18:44:26","guid":{"rendered":"https:\/\/www.renaissance-vieux-boulogne.fr\/?p=3853"},"modified":"2024-02-13T19:45:42","modified_gmt":"2024-02-13T18:45:42","slug":"un-pasteur-a-boulogne-sur-mer-en-1900-charles-meunier","status":"publish","type":"post","link":"https:\/\/www.renaissance-vieux-boulogne.fr\/?p=3853","title":{"rendered":"Conf\u00e9rence, Un pasteur \u00e0 Boulogne-sur-mer en 1900 : Charles Meunier"},"content":{"rendered":"\n<div id=\"block-070f85cf-40b3-44d2-a9ed-33f94d438cb5\" class=\"block-editor-block-list__block wp-block is-multi-selected\" tabindex=\"0\" role=\"document\" aria-label=\"Bloc\u00a0: Paragraphe classique\" data-block=\"070f85cf-40b3-44d2-a9ed-33f94d438cb5\" data-type=\"tadv\/classic-paragraph\" data-title=\"Paragraphe classique\">\n<div id=\"block-070f85cf-40b3-44d2-a9ed-33f94d438cb5\" class=\"block-editor-block-list__block wp-block is-multi-selected\" tabindex=\"0\" role=\"document\" aria-label=\"Bloc\u00a0: Paragraphe classique\" data-block=\"070f85cf-40b3-44d2-a9ed-33f94d438cb5\" data-type=\"tadv\/classic-paragraph\" data-title=\"Paragraphe classique\">\n<div id=\"editor-070f85cf-40b3-44d2-a9ed-33f94d438cb5\" class=\"wp-block-freeform block-library-rich-text__tinymce tma-classic-paragraph mce-content-body html5-captions mce-edit-focus\" style=\"position: relative;\" contenteditable=\"true\">\n<h5 style=\"text-align: center;\">Vendredi 9 f\u00e9vrier 2024<\/h5>\n<h5 style=\"text-align: center;\">\u00e0 18H<\/h5>\n<h5 style=\"text-align: center;\">Espace Culturel La Chapelle, Universit\u00e9 du Littoral, 21 rue Saint-Louis, Boulogne-sur-mer\u00a0<\/h5>\n<h4 style=\"text-align: center;\">Par Alain JOBLIN<\/h4>\n<h4 style=\"text-align: center;\">Un pasteur \u00e0 Boulogne-sur-mer en 1900 : Charles Meunier\u00a0<\/h4>\n<p style=\"text-align: center;\"><a href=\"https:\/\/www.renaissance-vieux-boulogne.fr\/wp-content\/uploads\/2024\/01\/RVB_temple_boulogne_sur_mer_redim.jpg\"><img loading=\"lazy\" decoding=\"async\" class=\"alignnone size-medium wp-image-3842\" src=\"https:\/\/www.renaissance-vieux-boulogne.fr\/wp-content\/uploads\/2024\/01\/RVB_temple_boulogne_sur_mer_redim-225x300.jpg\" alt=\"\" width=\"225\" height=\"300\" srcset=\"https:\/\/www.renaissance-vieux-boulogne.fr\/wp-content\/uploads\/2024\/01\/RVB_temple_boulogne_sur_mer_redim-225x300.jpg 225w, https:\/\/www.renaissance-vieux-boulogne.fr\/wp-content\/uploads\/2024\/01\/RVB_temple_boulogne_sur_mer_redim-768x1024.jpg 768w, https:\/\/www.renaissance-vieux-boulogne.fr\/wp-content\/uploads\/2024\/01\/RVB_temple_boulogne_sur_mer_redim.jpg 900w\" sizes=\"auto, (max-width: 225px) 100vw, 225px\" \/><\/a><\/p>\n<blockquote><span style=\"color: #222222;\"><span style=\"font-family: Arial, Helvetica, sans-serif;\"><span style=\"font-size: small;\">Une Eglise protestante se r\u00e9organise \u00e0 Boulogne-sur-Mer au cours de la seconde moiti\u00e9 du XIXe si\u00e8cle. Un des pasteurs de cette Eglise, Charles Meunier, d\u00e9crit dans un journal\u00a0r\u00e9dig\u00e9 entre 1891 et 1906, la vie du \u00ab\u00a0petit troupeau\u00a0\u00bb (Luc, 12-32) dont il avait la charge. Mentalit\u00e9s et situations sociales des fid\u00e8les, relations plus ou moins difficiles avec les catholiques, majoritaires dans la ville, et avec les dissidences protestantes (les m\u00e9thodistes de la Mission Populaire, par exemple), c&rsquo;est la vie d\u00e9taill\u00e9e d&rsquo;une petite communaut\u00e9 r\u00e9form\u00e9e qui est ainsi rendue, \u00e0 Boulogne-sur-Mer, vers 1900.<\/span><\/span><\/span><\/blockquote>\n<\/div>\n<\/div>\n<\/div>\n<p id=\"block-150538f8-3984-4562-8809-511350c2d29f\" class=\"block-editor-rich-text__editable block-editor-block-list__block wp-block has-text-align-center is-multi-selected wp-block-paragraph rich-text\" style=\"white-space: pre-wrap; min-width: 1px;\" tabindex=\"0\" role=\"document\" contenteditable=\"true\" aria-multiline=\"true\" aria-label=\"Bloc paragraphe\" data-block=\"150538f8-3984-4562-8809-511350c2d29f\" data-type=\"core\/paragraph\" data-title=\"Paragraphe\" data-empty=\"false\">\u00a0<\/p>\n<p id=\"block-fbf5bf9b-fcda-4df2-b5b8-4fe648c42f0e\" class=\"block-editor-rich-text__editable block-editor-block-list__block wp-block is-multi-selected wp-block-paragraph rich-text\" style=\"white-space: pre-wrap; min-width: 1px;\" tabindex=\"0\" role=\"document\" contenteditable=\"true\" aria-multiline=\"true\" aria-label=\"Bloc vide\u00a0;\u00a0\u00e9crivez ou saisissez une barre oblique pour choisir un bloc\" data-block=\"fbf5bf9b-fcda-4df2-b5b8-4fe648c42f0e\" data-type=\"core\/paragraph\" data-title=\"Paragraphe\" data-empty=\"true\">\u00a0<\/p>\n","protected":false},"excerpt":{"rendered":"<p>Vendredi 9 f\u00e9vrier 2024 \u00e0 18H Espace Culturel La Chapelle, Universit\u00e9 du Littoral, 21 rue Saint-Louis, Boulogne-sur-mer\u00a0 Par Alain JOBLIN Un pasteur \u00e0 Boulogne-sur-mer en 1900 : Charles Meunier\u00a0 Une Eglise protestante se r\u00e9organise \u00e0 Boulogne-sur-Mer au cours de la seconde moiti\u00e9 du XIXe si\u00e8cle. Un des pasteurs de cette Eglise, Charles Meunier, d\u00e9crit dans &hellip; <a href=\"https:\/\/www.renaissance-vieux-boulogne.fr\/?p=3853\" class=\"more-link\">Continuer la lecture de <span class=\"screen-reader-text\">Conf\u00e9rence, Un pasteur \u00e0 Boulogne-sur-mer en 1900 : Charles Meunier<\/span>  <span class=\"meta-nav\">&rarr;<\/span><\/a><\/p>\n","protected":false},"author":1,"featured_media":0,"comment_status":"closed","ping_status":"closed","sticky":false,"template":"","format":"standard","meta":{"footnotes":""},"categories":[7],"tags":[],"class_list":["post-3853","post","type-post","status-publish","format-standard","hentry","category-conference"],"_links":{"self":[{"href":"https:\/\/www.renaissance-vieux-boulogne.fr\/index.php?rest_route=\/wp\/v2\/posts\/3853","targetHints":{"allow":["GET"]}}],"collection":[{"href":"https:\/\/www.renaissance-vieux-boulogne.fr\/index.php?rest_route=\/wp\/v2\/posts"}],"about":[{"href":"https:\/\/www.renaissance-vieux-boulogne.fr\/index.php?rest_route=\/wp\/v2\/types\/post"}],"author":[{"embeddable":true,"href":"https:\/\/www.renaissance-vieux-boulogne.fr\/index.php?rest_route=\/wp\/v2\/users\/1"}],"replies":[{"embeddable":true,"href":"https:\/\/www.renaissance-vieux-boulogne.fr\/index.php?rest_route=%2Fwp%2Fv2%2Fcomments&post=3853"}],"version-history":[{"count":2,"href":"https:\/\/www.renaissance-vieux-boulogne.fr\/index.php?rest_route=\/wp\/v2\/posts\/3853\/revisions"}],"predecessor-version":[{"id":3855,"href":"https:\/\/www.renaissance-vieux-boulogne.fr\/index.php?rest_route=\/wp\/v2\/posts\/3853\/revisions\/3855"}],"wp:attachment":[{"href":"https:\/\/www.renaissance-vieux-boulogne.fr\/index.php?rest_route=%2Fwp%2Fv2%2Fmedia&parent=3853"}],"wp:term":[{"taxonomy":"category","embeddable":true,"href":"https:\/\/www.renaissance-vieux-boulogne.fr\/index.php?rest_route=%2Fwp%2Fv2%2Fcategories&post=3853"},{"taxonomy":"post_tag","embeddable":true,"href":"https:\/\/www.renaissance-vieux-boulogne.fr\/index.php?rest_route=%2Fwp%2Fv2%2Ftags&post=3853"}],"curies":[{"name":"wp","href":"https:\/\/api.w.org\/{rel}","templated":true}]}}