{"id":3865,"date":"2024-03-20T18:38:55","date_gmt":"2024-03-20T17:38:55","guid":{"rendered":"https:\/\/www.renaissance-vieux-boulogne.fr\/?p=3865"},"modified":"2024-03-20T18:43:13","modified_gmt":"2024-03-20T17:43:13","slug":"conference-lirlande-dans-le-miroir-du-temps","status":"publish","type":"post","link":"https:\/\/www.renaissance-vieux-boulogne.fr\/?p=3865","title":{"rendered":"Conf\u00e9rence l&rsquo;Irlande dans le Miroir du Temps"},"content":{"rendered":"\n<p><\/p>\n<h5 style=\"text-align: center;\">Vendredi 15 mars 2024<\/h5>\n<h5 style=\"text-align: center;\">\u00e0 18H<\/h5>\n<h5 style=\"text-align: center;\">Espace Culturel La Chapelle, Universit\u00e9 du Littoral, 21 rue Saint-Louis, Boulogne-sur-mer\u00a0<\/h5>\n<h4 style=\"text-align: center;\">Par Raphael WILLAY<\/h4>\n<h4 style=\"text-align: center;\">L&rsquo;Irlande dans le miroir du temps\u00a0\u00a0<\/h4>\n<p style=\"text-align: center;\"><a href=\"https:\/\/www.renaissance-vieux-boulogne.fr\/wp-content\/uploads\/2024\/02\/saint_patrick.jpg\"><img loading=\"lazy\" decoding=\"async\" class=\"alignnone  wp-image-3857\" src=\"https:\/\/www.renaissance-vieux-boulogne.fr\/wp-content\/uploads\/2024\/02\/saint_patrick-239x300.jpg\" alt=\"\" width=\"292\" height=\"367\" srcset=\"https:\/\/www.renaissance-vieux-boulogne.fr\/wp-content\/uploads\/2024\/02\/saint_patrick-239x300.jpg 239w, https:\/\/www.renaissance-vieux-boulogne.fr\/wp-content\/uploads\/2024\/02\/saint_patrick-817x1024.jpg 817w, https:\/\/www.renaissance-vieux-boulogne.fr\/wp-content\/uploads\/2024\/02\/saint_patrick-768x962.jpg 768w, https:\/\/www.renaissance-vieux-boulogne.fr\/wp-content\/uploads\/2024\/02\/saint_patrick.jpg 1194w\" sizes=\"auto, (max-width: 292px) 100vw, 292px\" \/><\/a><\/p>\n<p> <\/p>\n<p align=\"JUSTIFY\"><span style=\"font-family: Times New Roman, serif;\"><span style=\"font-size: medium;\">Bien que situ\u00e9e \u00e0 la p\u00e9riph\u00e9rie de l&rsquo;Europe, l&rsquo;Irlande fascine. Apr\u00e8s avoir \u00e9t\u00e9 le berceau d&rsquo;une civilisation celte prosp\u00e8re, l&rsquo;\u00eele a \u00e9t\u00e9 le th\u00e9\u00e2tre de nombreux conflits avec l&rsquo;Angleterre, atteignant son apog\u00e9e avec la Grande Famine au XIX<\/span><\/span><sup><span style=\"font-family: Times New Roman, serif;\"><span style=\"font-size: medium;\">e<\/span><\/span><\/sup><span style=\"font-family: Times New Roman, serif;\"><span style=\"font-size: medium;\"> si\u00e8cle. L&rsquo;histoire contemporaine est caract\u00e9ris\u00e9e par une lutte acharn\u00e9e pour l&rsquo;ind\u00e9pendance, conduisant \u00e0 la cr\u00e9ation de la R\u00e9publique d&rsquo;Irlande en 1922 et au maintien de l&rsquo;Irlande du Nord au sein du Royaume-Uni.<\/span><\/span><\/p>\n<p><\/p>\n","protected":false},"excerpt":{"rendered":"","protected":false},"author":1,"featured_media":0,"comment_status":"closed","ping_status":"closed","sticky":false,"template":"","format":"standard","meta":{"footnotes":""},"categories":[7],"tags":[],"class_list":["post-3865","post","type-post","status-publish","format-standard","hentry","category-conference"],"_links":{"self":[{"href":"https:\/\/www.renaissance-vieux-boulogne.fr\/index.php?rest_route=\/wp\/v2\/posts\/3865","targetHints":{"allow":["GET"]}}],"collection":[{"href":"https:\/\/www.renaissance-vieux-boulogne.fr\/index.php?rest_route=\/wp\/v2\/posts"}],"about":[{"href":"https:\/\/www.renaissance-vieux-boulogne.fr\/index.php?rest_route=\/wp\/v2\/types\/post"}],"author":[{"embeddable":true,"href":"https:\/\/www.renaissance-vieux-boulogne.fr\/index.php?rest_route=\/wp\/v2\/users\/1"}],"replies":[{"embeddable":true,"href":"https:\/\/www.renaissance-vieux-boulogne.fr\/index.php?rest_route=%2Fwp%2Fv2%2Fcomments&post=3865"}],"version-history":[{"count":1,"href":"https:\/\/www.renaissance-vieux-boulogne.fr\/index.php?rest_route=\/wp\/v2\/posts\/3865\/revisions"}],"predecessor-version":[{"id":3866,"href":"https:\/\/www.renaissance-vieux-boulogne.fr\/index.php?rest_route=\/wp\/v2\/posts\/3865\/revisions\/3866"}],"wp:attachment":[{"href":"https:\/\/www.renaissance-vieux-boulogne.fr\/index.php?rest_route=%2Fwp%2Fv2%2Fmedia&parent=3865"}],"wp:term":[{"taxonomy":"category","embeddable":true,"href":"https:\/\/www.renaissance-vieux-boulogne.fr\/index.php?rest_route=%2Fwp%2Fv2%2Fcategories&post=3865"},{"taxonomy":"post_tag","embeddable":true,"href":"https:\/\/www.renaissance-vieux-boulogne.fr\/index.php?rest_route=%2Fwp%2Fv2%2Ftags&post=3865"}],"curies":[{"name":"wp","href":"https:\/\/api.w.org\/{rel}","templated":true}]}}