{"id":3894,"date":"2024-04-14T17:46:00","date_gmt":"2024-04-14T16:46:00","guid":{"rendered":"https:\/\/www.renaissance-vieux-boulogne.fr\/?p=3894"},"modified":"2024-04-14T17:46:34","modified_gmt":"2024-04-14T16:46:34","slug":"la-galerie-historique-de-lhotel-de-ville-de-boulogne-sur-mer-et-son-portrait-de-mariette","status":"publish","type":"post","link":"https:\/\/www.renaissance-vieux-boulogne.fr\/?p=3894","title":{"rendered":"La Galerie historique de l&rsquo;H\u00f4tel de Ville de Boulogne-sur-mer et son portrait de Mariette"},"content":{"rendered":"\n<p><\/p>\n<h3 style=\"text-align: center;\"><span style=\"color: #000000;\">\u00a0Conf\u00e9rence\u00a0<\/span><\/h3>\n<h5 style=\"text-align: center;\">Vendredi 5 avril 2024<\/h5>\n<h5 style=\"text-align: center;\">\u00e0 18H<\/h5>\n<h5 style=\"text-align: center;\">Espace Culturel La Chapelle, Universit\u00e9 du Littoral, 21 rue Saint-Louis, Boulogne-sur-mer\u00a0<\/h5>\n<h4 style=\"text-align: center;\">Par Michel GUTTIEREZ<\/h4>\n<h4 style=\"text-align: center;\">La \u00ab\u00a0Galerie historique\u00a0\u00bb\u00a0 de l&rsquo;H\u00f4tel de Ville de Boulogne-sur-mer et son portrait d&rsquo;Auguste MARIETTE<\/h4>\n<p>\u00a0<\/p>\n<p style=\"text-align: center;\"><a href=\"https:\/\/www.renaissance-vieux-boulogne.fr\/wp-content\/uploads\/2024\/03\/Mariette-Coll.-musee-de-Boulogne-sur-Mer-\u00a9-RMN-GP-Benoit-Touchard.jpg\"><img loading=\"lazy\" decoding=\"async\" class=\"alignnone wp-image-3876 size-large\" src=\"https:\/\/www.renaissance-vieux-boulogne.fr\/wp-content\/uploads\/2024\/03\/Mariette-Coll.-musee-de-Boulogne-sur-Mer-\u00a9-RMN-GP-Benoit-Touchard-795x1024.jpg\" alt=\"\" width=\"474\" height=\"611\" srcset=\"https:\/\/www.renaissance-vieux-boulogne.fr\/wp-content\/uploads\/2024\/03\/Mariette-Coll.-musee-de-Boulogne-sur-Mer-\u00a9-RMN-GP-Benoit-Touchard-795x1024.jpg 795w, https:\/\/www.renaissance-vieux-boulogne.fr\/wp-content\/uploads\/2024\/03\/Mariette-Coll.-musee-de-Boulogne-sur-Mer-\u00a9-RMN-GP-Benoit-Touchard-233x300.jpg 233w, https:\/\/www.renaissance-vieux-boulogne.fr\/wp-content\/uploads\/2024\/03\/Mariette-Coll.-musee-de-Boulogne-sur-Mer-\u00a9-RMN-GP-Benoit-Touchard-768x989.jpg 768w, https:\/\/www.renaissance-vieux-boulogne.fr\/wp-content\/uploads\/2024\/03\/Mariette-Coll.-musee-de-Boulogne-sur-Mer-\u00a9-RMN-GP-Benoit-Touchard-1192x1536.jpg 1192w, https:\/\/www.renaissance-vieux-boulogne.fr\/wp-content\/uploads\/2024\/03\/Mariette-Coll.-musee-de-Boulogne-sur-Mer-\u00a9-RMN-GP-Benoit-Touchard-1590x2048.jpg 1590w, https:\/\/www.renaissance-vieux-boulogne.fr\/wp-content\/uploads\/2024\/03\/Mariette-Coll.-musee-de-Boulogne-sur-Mer-\u00a9-RMN-GP-Benoit-Touchard.jpg 1649w\" sizes=\"auto, (max-width: 474px) 100vw, 474px\" \/><\/a><\/p>\n<p> <\/p>\n<p style=\"text-align: center;\">La \u00ab\u00a0galerie historique\u00a0\u00bb de l\u2019h\u00f4tel de ville est inaugur\u00e9e en 1899. Con\u00e7ue comme un compl\u00e9ment aux d\u00e9cors existants, elle est constitu\u00e9e de portraits de Boulonnais illustres. Ces derniers sont aujourd\u2019hui inscrits \u00e0 l\u2019inventaire du mus\u00e9e mais dispers\u00e9s dans plusieurs \u00e9difices, \u00e0 la suite de la destruction de la galerie durant l\u2019Entre-deux-guerres.<\/p>\n<p style=\"text-align: center;\">La conf\u00e9rence aura pour objectif de retracer l\u2019histoire de la galerie et de d\u00e9terminer qui en sont les principaux acteurs (initiateurs, donateurs, artistes\u2026). L\u2019exemple du portrait de l\u2019\u00e9gyptologue Auguste Mariette permettra notamment de comprendre comment les \u0153uvres ont \u00e9t\u00e9 compos\u00e9es par les peintres.<\/p>\n<p><\/p>\n","protected":false},"excerpt":{"rendered":"","protected":false},"author":1,"featured_media":0,"comment_status":"closed","ping_status":"closed","sticky":false,"template":"","format":"standard","meta":{"footnotes":""},"categories":[7],"tags":[],"class_list":["post-3894","post","type-post","status-publish","format-standard","hentry","category-conference"],"_links":{"self":[{"href":"https:\/\/www.renaissance-vieux-boulogne.fr\/index.php?rest_route=\/wp\/v2\/posts\/3894","targetHints":{"allow":["GET"]}}],"collection":[{"href":"https:\/\/www.renaissance-vieux-boulogne.fr\/index.php?rest_route=\/wp\/v2\/posts"}],"about":[{"href":"https:\/\/www.renaissance-vieux-boulogne.fr\/index.php?rest_route=\/wp\/v2\/types\/post"}],"author":[{"embeddable":true,"href":"https:\/\/www.renaissance-vieux-boulogne.fr\/index.php?rest_route=\/wp\/v2\/users\/1"}],"replies":[{"embeddable":true,"href":"https:\/\/www.renaissance-vieux-boulogne.fr\/index.php?rest_route=%2Fwp%2Fv2%2Fcomments&post=3894"}],"version-history":[{"count":1,"href":"https:\/\/www.renaissance-vieux-boulogne.fr\/index.php?rest_route=\/wp\/v2\/posts\/3894\/revisions"}],"predecessor-version":[{"id":3895,"href":"https:\/\/www.renaissance-vieux-boulogne.fr\/index.php?rest_route=\/wp\/v2\/posts\/3894\/revisions\/3895"}],"wp:attachment":[{"href":"https:\/\/www.renaissance-vieux-boulogne.fr\/index.php?rest_route=%2Fwp%2Fv2%2Fmedia&parent=3894"}],"wp:term":[{"taxonomy":"category","embeddable":true,"href":"https:\/\/www.renaissance-vieux-boulogne.fr\/index.php?rest_route=%2Fwp%2Fv2%2Fcategories&post=3894"},{"taxonomy":"post_tag","embeddable":true,"href":"https:\/\/www.renaissance-vieux-boulogne.fr\/index.php?rest_route=%2Fwp%2Fv2%2Ftags&post=3894"}],"curies":[{"name":"wp","href":"https:\/\/api.w.org\/{rel}","templated":true}]}}