{"id":394,"date":"2014-12-12T21:48:54","date_gmt":"2014-12-12T20:48:54","guid":{"rendered":"http:\/\/www.renaissance-vieux-boulogne.fr\/?p=394"},"modified":"2015-03-11T17:22:08","modified_gmt":"2015-03-11T16:22:08","slug":"adhesion-2015-2","status":"publish","type":"post","link":"https:\/\/www.renaissance-vieux-boulogne.fr\/?p=394","title":{"rendered":"Adh\u00e9sion 2015"},"content":{"rendered":"<p><strong><em>Renaissance du Vieux Boulogne\u00a0\u00a0\u00a0\u00a0 \u00a0\u00a0\u00a0\u00a0\u00a0<\/em><\/strong><\/p>\n<p><strong><em>\u00a0\u00a0\u00a0\u00a0\u00a0\u00a0\u00a0\u00a0\u00a0\u00a0\u00a0\u00a0\u00a0\u00a0\u00a0\u00a0 <\/em><\/strong>\u00a0\u00a0\u00a0\u00a0\u00a0\u00a0\u00a0\u00a0\u00a0\u00a0\u00a0\u00a0\u00a0\u00a0\u00a0\u00a0\u00a0\u00a0\u00a0\u00a0\u00a0\u00a0\u00a0\u00a0\u00a0\u00a0\u00a0\u00a0\u00a0\u00a0\u00a0\u00a0\u00a0\u00a0\u00a0\u00a0\u00a0\u00a0\u00a0\u00a0\u00a0\u00a0Boulogne-sur-Mer, le 12 d\u00e9cembre 2014<\/p>\n<p>Madame, Mademoiselle, Monsieur,<\/p>\n<p>L\u2019association \u00ab\u00a0<em>Renaissance du Vieux Boulogne<\/em>\u00a0\u00bb a pour objectif, depuis 1973, de contribuer \u00e0 la connaissance de l\u2019histoire et du patrimoine de la ville de Boulogne-sur-Mer et du Boulonnais. Comme chaque ann\u00e9e elle sollicite ses amis pour l\u2019aider \u00e0 continuer son action.<\/p>\n<p>Votre adh\u00e9sion pour l\u2019ann\u00e9e 2015, vous permettra de participer aux sorties et au repas annuel que nous organisons. Vous recevrez, deux fois par an, notre revue \u00ab\u00a0<em>Les Cahiers du<\/em> <em>Patrimoine Boulonnais<\/em>\u00a0\u00bb, consacr\u00e9e \u00e0 l\u2019histoire et au patrimoine de notre ville et de sa r\u00e9gion. Le cycle de conf\u00e9rences mensuelles, organis\u00e9 de novembre \u00e0 juin avec l\u2019aide de la municipalit\u00e9, est ouvert \u00e0 tous. Sur pr\u00e9sentation de votre carte d\u2019adh\u00e9rent vous b\u00e9n\u00e9ficierez de l\u2019acc\u00e8s gratuit au Ch\u00e2teau-Mus\u00e9e de Boulogne-sur-Mer.<\/p>\n<p>Pour toute information les responsables de l\u2019association seront heureux de vous rencontrer lors de la permanence qui se tient dans la salle des associations du Ch\u00e2teau-Mus\u00e9e chaque vendredi apr\u00e8s-midi de 14h30 \u00e0 16h30, sauf pendant les vacances scolaires.<\/p>\n<p>Vous pouvez aussi consulter le site de RVB\u00a0: \u00ab<a href=\"http:\/\/www.renaissance-vieux-boulogne.fr\">\u00a0<\/a>http:\/\/www.renaissance-vieux-boulogne.fr\u00a0\u00bb<\/p>\n<p>Nous comptons sur votre soutien et nous vous en remercions.<\/p>\n<p>Veuillez croire, Madame, Mademoiselle, Monsieur, en l\u2019expression de nos sentiments les meilleurs.<\/p>\n<p style=\"text-align: center;\">\u00a0\u00a0\u00a0\u00a0\u00a0\u00a0\u00a0\u00a0\u00a0\u00a0\u00a0\u00a0\u00a0\u00a0\u00a0\u00a0\u00a0\u00a0\u00a0\u00a0\u00a0\u00a0\u00a0\u00a0\u00a0\u00a0\u00a0\u00a0\u00a0\u00a0\u00a0\u00a0\u00a0\u00a0\u00a0\u00a0\u00a0\u00a0\u00a0\u00a0\u00a0\u00a0\u00a0\u00a0\u00a0\u00a0\u00a0\u00a0\u00a0\u00a0\u00a0\u00a0\u00a0\u00a0\u00a0\u00a0\u00a0\u00a0\u00a0\u00a0\u00a0\u00a0\u00a0\u00a0\u00a0\u00a0\u00a0\u00a0\u00a0\u00a0\u00a0\u00a0\u00a0\u00a0\u00a0\u00a0\u00a0\u00a0\u00a0\u00a0\u00a0\u00a0\u00a0\u00a0\u00a0\u00a0\u00a0\u00a0\u00a0\u00a0\u00a0\u00a0\u00a0\u00a0\u00a0\u00a0\u00a0\u00a0\u00a0\u00a0\u00a0\u00a0 La Pr\u00e9sidente\u00a0\u00a0\u00a0\u00a0\u00a0\u00a0\u00a0\u00a0\u00a0\u00a0\u00a0\u00a0\u00a0\u00a0\u00a0\u00a0\u00a0\u00a0\u00a0\u00a0\u00a0\u00a0 \u00a0\u00a0\u00a0\u00a0\u00a0\u00a0\u00a0\u00a0\u00a0\u00a0\u00a0\u00a0\u00a0\u00a0\u00a0\u00a0\u00a0\u00a0\u00a0\u00a0\u00a0\u00a0\u00a0\u00a0\u00a0\u00a0\u00a0\u00a0\u00a0\u00a0\u00a0\u00a0\u00a0\u00a0\u00a0\u00a0\u00a0\u00a0\u00a0\u00a0\u00a0\u00a0\u00a0\u00a0\u00a0\u00a0\u00a0\u00a0\u00a0\u00a0\u00a0\u00a0\u00a0\u00a0\u00a0\u00a0\u00a0\u00a0\u00a0\u00a0\u00a0\u00a0\u00a0\u00a0\u00a0\u00a0\u00a0\u00a0\u00a0\u00a0\u00a0\u00a0\u00a0\u00a0\u00a0\u00a0\u00a0\u00a0\u00a0\u00a0\u00a0\u00a0\u00a0\u00a0\u00a0\u00a0\u00a0\u00a0\u00a0\u00a0\u00a0\u00a0\u00a0\u00a0\u00a0\u00a0\u00a0\u00a0\u00a0\u00a0\u00a0\u00a0\u00a0\u00a0\u00a0\u00a0\u00a0\u00a0\u00a0\u00a0\u00a0\u00a0\u00a0\u00a0\u00a0\u00a0\u00a0\u00a0\u00a0\u00a0\u00a0\u00a0\u00a0\u00a0\u00a0\u00a0\u00a0\u00a0\u00a0\u00a0\u00a0\u00a0\u00a0\u00a0\u00a0\u00a0\u00a0\u00a0\u00a0\u00a0\u00a0\u00a0\u00a0\u00a0\u00a0\u00a0\u00a0\u00a0\u00a0\u00a0\u00a0\u00a0\u00a0\u00a0\u00a0\u00a0\u00a0\u00a0\u00a0\u00a0\u00a0\u00a0\u00a0\u00a0\u00a0\u00a0\u00a0\u00a0\u00a0\u00a0\u00a0\u00a0\u00a0\u00a0\u00a0\u00a0\u00a0\u00a0\u00a0\u00a0\u00a0\u00a0\u00a0\u00a0\u00a0\u00a0\u00a0\u00a0\u00a0\u00a0\u00a0 <strong><a href=\"http:\/\/www.renaissance-vieux-boulogne.fr\/wp-content\/uploads\/2014\/11\/bulletin_adhesion_2015.pdf\">T<\/a><a href=\"http:\/\/www.renaissance-vieux-boulogne.fr\/wp-content\/uploads\/2014\/11\/bulletin_adhesion_2015.pdf\">ELECHARGER LE BULLETIN D&rsquo;ADHESION<\/a><\/strong><\/p>\n","protected":false},"excerpt":{"rendered":"<p>Renaissance du Vieux Boulogne\u00a0\u00a0\u00a0\u00a0 \u00a0\u00a0\u00a0\u00a0\u00a0 \u00a0\u00a0\u00a0\u00a0\u00a0\u00a0\u00a0\u00a0\u00a0\u00a0\u00a0\u00a0\u00a0\u00a0\u00a0\u00a0 \u00a0\u00a0\u00a0\u00a0\u00a0\u00a0\u00a0\u00a0\u00a0\u00a0\u00a0\u00a0\u00a0\u00a0\u00a0\u00a0\u00a0\u00a0\u00a0\u00a0\u00a0\u00a0\u00a0\u00a0\u00a0\u00a0\u00a0\u00a0\u00a0\u00a0\u00a0\u00a0\u00a0\u00a0\u00a0\u00a0\u00a0\u00a0\u00a0\u00a0\u00a0\u00a0Boulogne-sur-Mer, le 12 d\u00e9cembre 2014 Madame, Mademoiselle, Monsieur, L\u2019association \u00ab\u00a0Renaissance du Vieux Boulogne\u00a0\u00bb a pour objectif, depuis 1973, de contribuer \u00e0 la connaissance de l\u2019histoire et du patrimoine de la ville de Boulogne-sur-Mer et du Boulonnais. Comme chaque ann\u00e9e elle sollicite ses amis pour l\u2019aider \u00e0 continuer son action. &hellip; <a href=\"https:\/\/www.renaissance-vieux-boulogne.fr\/?p=394\" class=\"more-link\">Continuer la lecture de <span class=\"screen-reader-text\">Adh\u00e9sion 2015<\/span>  <span class=\"meta-nav\">&rarr;<\/span><\/a><\/p>\n","protected":false},"author":1,"featured_media":0,"comment_status":"closed","ping_status":"closed","sticky":false,"template":"","format":"standard","meta":{"footnotes":""},"categories":[1],"tags":[],"class_list":["post-394","post","type-post","status-publish","format-standard","hentry","category-non-classe"],"_links":{"self":[{"href":"https:\/\/www.renaissance-vieux-boulogne.fr\/index.php?rest_route=\/wp\/v2\/posts\/394","targetHints":{"allow":["GET"]}}],"collection":[{"href":"https:\/\/www.renaissance-vieux-boulogne.fr\/index.php?rest_route=\/wp\/v2\/posts"}],"about":[{"href":"https:\/\/www.renaissance-vieux-boulogne.fr\/index.php?rest_route=\/wp\/v2\/types\/post"}],"author":[{"embeddable":true,"href":"https:\/\/www.renaissance-vieux-boulogne.fr\/index.php?rest_route=\/wp\/v2\/users\/1"}],"replies":[{"embeddable":true,"href":"https:\/\/www.renaissance-vieux-boulogne.fr\/index.php?rest_route=%2Fwp%2Fv2%2Fcomments&post=394"}],"version-history":[{"count":6,"href":"https:\/\/www.renaissance-vieux-boulogne.fr\/index.php?rest_route=\/wp\/v2\/posts\/394\/revisions"}],"predecessor-version":[{"id":400,"href":"https:\/\/www.renaissance-vieux-boulogne.fr\/index.php?rest_route=\/wp\/v2\/posts\/394\/revisions\/400"}],"wp:attachment":[{"href":"https:\/\/www.renaissance-vieux-boulogne.fr\/index.php?rest_route=%2Fwp%2Fv2%2Fmedia&parent=394"}],"wp:term":[{"taxonomy":"category","embeddable":true,"href":"https:\/\/www.renaissance-vieux-boulogne.fr\/index.php?rest_route=%2Fwp%2Fv2%2Fcategories&post=394"},{"taxonomy":"post_tag","embeddable":true,"href":"https:\/\/www.renaissance-vieux-boulogne.fr\/index.php?rest_route=%2Fwp%2Fv2%2Ftags&post=394"}],"curies":[{"name":"wp","href":"https:\/\/api.w.org\/{rel}","templated":true}]}}