{"id":3995,"date":"2024-10-20T17:51:39","date_gmt":"2024-10-20T16:51:39","guid":{"rendered":"https:\/\/www.renaissance-vieux-boulogne.fr\/?p=3995"},"modified":"2024-12-02T19:07:00","modified_gmt":"2024-12-02T18:07:00","slug":"conference-kursaal","status":"publish","type":"post","link":"https:\/\/www.renaissance-vieux-boulogne.fr\/?p=3995","title":{"rendered":"Conf\u00e9rence Le Kursaal"},"content":{"rendered":"\n<h5 style=\"text-align: center;\">Vendredi 11 octobre 2024<\/h5>\n<h5 style=\"text-align: center;\">\u00e0 18H<\/h5>\n<h5 style=\"text-align: center;\">Saint-Louis 1,\u00a0 Amphi 1, Universit\u00e9 du Littoral<\/h5>\n<h5 style=\"text-align: center;\">21 rue Saint-Louis, Boulogne-sur-mer\u00a0<\/h5>\n<h4 style=\"text-align: center;\">Par Daniel TINTILLIER<\/h4>\n<h3 style=\"text-align: center;\"><em>Le Kursaal\u00a0\u00a0<\/em><\/h3>\n<p style=\"text-align: center;\"><a href=\"https:\/\/www.renaissance-vieux-boulogne.fr\/wp-content\/uploads\/2024\/09\/rvb_kursaal_boulogne_sur_mer.jpg\"><img loading=\"lazy\" decoding=\"async\" class=\"alignnone size-medium wp-image-3955\" src=\"https:\/\/www.renaissance-vieux-boulogne.fr\/wp-content\/uploads\/2024\/09\/rvb_kursaal_boulogne_sur_mer-224x300.jpg\" alt=\"\" width=\"224\" height=\"300\" srcset=\"https:\/\/www.renaissance-vieux-boulogne.fr\/wp-content\/uploads\/2024\/09\/rvb_kursaal_boulogne_sur_mer-224x300.jpg 224w, https:\/\/www.renaissance-vieux-boulogne.fr\/wp-content\/uploads\/2024\/09\/rvb_kursaal_boulogne_sur_mer-763x1024.jpg 763w, https:\/\/www.renaissance-vieux-boulogne.fr\/wp-content\/uploads\/2024\/09\/rvb_kursaal_boulogne_sur_mer-768x1031.jpg 768w, https:\/\/www.renaissance-vieux-boulogne.fr\/wp-content\/uploads\/2024\/09\/rvb_kursaal_boulogne_sur_mer-1144x1536.jpg 1144w, https:\/\/www.renaissance-vieux-boulogne.fr\/wp-content\/uploads\/2024\/09\/rvb_kursaal_boulogne_sur_mer.jpg 1169w\" sizes=\"auto, (max-width: 224px) 100vw, 224px\" \/><\/a><\/p>\n<blockquote>\n<p style=\"text-align: center;\"><span style=\"color: #222222;\"><span style=\"font-family: arial, helvetica, sans-serif;\"><span style=\"font-size: medium;\">\u00ab\u00a0D\u00e9truit en 1985, le Kursaal \u00e9tait le cin\u00e9ma le plus vaste du d\u00e9partement, que beaucoup de villes nous enviaient alors. Le 11 octobre, le public pourra assister \u00e0 une projection de documents retra\u00e7ant l&rsquo;existence de cet \u00ab\u00a0Olympia\u00a0\u00bb boulonnais qui accueillit les plus grandes vedettes : de Damia \u00e0 Gene Vincent, de Mouloudji \u00e0 Johnny Hallyday.\u00a0\u00bb<\/span><\/span><\/span><\/p>\n<p style=\"text-align: center;\"><span style=\"color: #222222;\"><span style=\"font-family: arial, helvetica, sans-serif;\"><span style=\"font-size: medium;\"> A l&rsquo;occasion, les amateurs pourront se procurer le fascicule \u00e9dit\u00e9 afin de garder un souvenir tangible de cet \u00e9l\u00e9ment patrimonial<\/span><\/span><\/span><\/p>\n<\/blockquote>\n","protected":false},"excerpt":{"rendered":"<p>Vendredi 11 octobre 2024 \u00e0 18H Saint-Louis 1,\u00a0 Amphi 1, Universit\u00e9 du Littoral 21 rue Saint-Louis, Boulogne-sur-mer\u00a0 Par Daniel TINTILLIER Le Kursaal\u00a0\u00a0 \u00ab\u00a0D\u00e9truit en 1985, le Kursaal \u00e9tait le cin\u00e9ma le plus vaste du d\u00e9partement, que beaucoup de villes nous enviaient alors. Le 11 octobre, le public pourra assister \u00e0 une projection de documents retra\u00e7ant &hellip; <a href=\"https:\/\/www.renaissance-vieux-boulogne.fr\/?p=3995\" class=\"more-link\">Continuer la lecture de <span class=\"screen-reader-text\">Conf\u00e9rence Le Kursaal<\/span>  <span class=\"meta-nav\">&rarr;<\/span><\/a><\/p>\n","protected":false},"author":1,"featured_media":0,"comment_status":"closed","ping_status":"closed","sticky":false,"template":"","format":"standard","meta":{"footnotes":""},"categories":[7],"tags":[],"class_list":["post-3995","post","type-post","status-publish","format-standard","hentry","category-conference"],"_links":{"self":[{"href":"https:\/\/www.renaissance-vieux-boulogne.fr\/index.php?rest_route=\/wp\/v2\/posts\/3995","targetHints":{"allow":["GET"]}}],"collection":[{"href":"https:\/\/www.renaissance-vieux-boulogne.fr\/index.php?rest_route=\/wp\/v2\/posts"}],"about":[{"href":"https:\/\/www.renaissance-vieux-boulogne.fr\/index.php?rest_route=\/wp\/v2\/types\/post"}],"author":[{"embeddable":true,"href":"https:\/\/www.renaissance-vieux-boulogne.fr\/index.php?rest_route=\/wp\/v2\/users\/1"}],"replies":[{"embeddable":true,"href":"https:\/\/www.renaissance-vieux-boulogne.fr\/index.php?rest_route=%2Fwp%2Fv2%2Fcomments&post=3995"}],"version-history":[{"count":2,"href":"https:\/\/www.renaissance-vieux-boulogne.fr\/index.php?rest_route=\/wp\/v2\/posts\/3995\/revisions"}],"predecessor-version":[{"id":4049,"href":"https:\/\/www.renaissance-vieux-boulogne.fr\/index.php?rest_route=\/wp\/v2\/posts\/3995\/revisions\/4049"}],"wp:attachment":[{"href":"https:\/\/www.renaissance-vieux-boulogne.fr\/index.php?rest_route=%2Fwp%2Fv2%2Fmedia&parent=3995"}],"wp:term":[{"taxonomy":"category","embeddable":true,"href":"https:\/\/www.renaissance-vieux-boulogne.fr\/index.php?rest_route=%2Fwp%2Fv2%2Fcategories&post=3995"},{"taxonomy":"post_tag","embeddable":true,"href":"https:\/\/www.renaissance-vieux-boulogne.fr\/index.php?rest_route=%2Fwp%2Fv2%2Ftags&post=3995"}],"curies":[{"name":"wp","href":"https:\/\/api.w.org\/{rel}","templated":true}]}}