{"id":4003,"date":"2024-10-20T18:10:00","date_gmt":"2024-10-20T17:10:00","guid":{"rendered":"https:\/\/www.renaissance-vieux-boulogne.fr\/?p=4003"},"modified":"2024-12-05T17:57:35","modified_gmt":"2024-12-05T16:57:35","slug":"cahier-du-patrimoine-boulonnais-n89","status":"publish","type":"post","link":"https:\/\/www.renaissance-vieux-boulogne.fr\/?p=4003","title":{"rendered":"Cahier du patrimoine boulonnais n\u00b089"},"content":{"rendered":"\n<p style=\"text-align: center;\">Au sommaire\u00a0<\/p>\n<p><em>Editorial<\/em> par Jean-Pierre Tancr\u00e9 p. 1<\/p>\n<p><em>Phrases jet\u00e9es \u00e0 l&rsquo;oblique du phare d&rsquo;Alprech <\/em>par l&rsquo;atelier 2e p.2<\/p>\n<p><em>Virginie Demont-Breton et le premi\u00e8re guerre mondiale &#8211; le Temps des Epreuves <\/em>par Yann GOBERT-SERGENT p.5<\/p>\n<p><em>La \u00ab\u00a0Galerie historique\u00a0\u00bb de l&rsquo;H\u00f4tel de Ville de Boulogne-sur-mer <\/em>par Michel Gutierrez p.12<\/p>\n<p><em>Chers Disparus<\/em> &#8230; par Daniel TINTILLIER p.18<\/p>\n<p><em>Jean-Baptiste-Bertin ALOY (Hesdin 1773-Boulogne-sur-mer 1836) : un Po\u00e8te oubli\u00e9<\/em> par Pierre-Marie DEPARIS p.22<\/p>\n<p style=\"text-align: center;\">Pour vous procurer les Cahiers<\/p>\n<p style=\"text-align: center;\">FNAC rue Faidherbe, 62 200 Boulogne-sur-mer<\/p>\n<p style=\"text-align: center;\">Espace Culturel Leclerc, Boulevard industriel de la Liane, 62230 Outreau<\/p>\n<p style=\"text-align: center;\">ou<\/p>\n<p style=\"text-align: center;\">nous contacter : renaissancevieuxboulogne@gmail.com<\/p>\n<p style=\"text-align: center;\">nous rencontrer \u00e0 la permanence le vendredi de 14h \u00e0 16h Salle des Associations, Ch\u00e2teau-Mus\u00e9e rue de Bernet, 62 200 Boulogne-sur-mer<\/p>\n<p>\u00a0<\/p>\n","protected":false},"excerpt":{"rendered":"<p>Au sommaire\u00a0 Editorial par Jean-Pierre Tancr\u00e9 p. 1 Phrases jet\u00e9es \u00e0 l&rsquo;oblique du phare d&rsquo;Alprech par l&rsquo;atelier 2e p.2 Virginie Demont-Breton et le premi\u00e8re guerre mondiale &#8211; le Temps des Epreuves par Yann GOBERT-SERGENT p.5 La \u00ab\u00a0Galerie historique\u00a0\u00bb de l&rsquo;H\u00f4tel de Ville de Boulogne-sur-mer par Michel Gutierrez p.12 Chers Disparus &#8230; par Daniel TINTILLIER p.18 &hellip; <a href=\"https:\/\/www.renaissance-vieux-boulogne.fr\/?p=4003\" class=\"more-link\">Continuer la lecture de <span class=\"screen-reader-text\">Cahier du patrimoine boulonnais n\u00b089<\/span>  <span class=\"meta-nav\">&rarr;<\/span><\/a><\/p>\n","protected":false},"author":1,"featured_media":0,"comment_status":"closed","ping_status":"closed","sticky":false,"template":"","format":"standard","meta":{"footnotes":""},"categories":[8],"tags":[],"class_list":["post-4003","post","type-post","status-publish","format-standard","hentry","category-cahiers"],"_links":{"self":[{"href":"https:\/\/www.renaissance-vieux-boulogne.fr\/index.php?rest_route=\/wp\/v2\/posts\/4003","targetHints":{"allow":["GET"]}}],"collection":[{"href":"https:\/\/www.renaissance-vieux-boulogne.fr\/index.php?rest_route=\/wp\/v2\/posts"}],"about":[{"href":"https:\/\/www.renaissance-vieux-boulogne.fr\/index.php?rest_route=\/wp\/v2\/types\/post"}],"author":[{"embeddable":true,"href":"https:\/\/www.renaissance-vieux-boulogne.fr\/index.php?rest_route=\/wp\/v2\/users\/1"}],"replies":[{"embeddable":true,"href":"https:\/\/www.renaissance-vieux-boulogne.fr\/index.php?rest_route=%2Fwp%2Fv2%2Fcomments&post=4003"}],"version-history":[{"count":3,"href":"https:\/\/www.renaissance-vieux-boulogne.fr\/index.php?rest_route=\/wp\/v2\/posts\/4003\/revisions"}],"predecessor-version":[{"id":4103,"href":"https:\/\/www.renaissance-vieux-boulogne.fr\/index.php?rest_route=\/wp\/v2\/posts\/4003\/revisions\/4103"}],"wp:attachment":[{"href":"https:\/\/www.renaissance-vieux-boulogne.fr\/index.php?rest_route=%2Fwp%2Fv2%2Fmedia&parent=4003"}],"wp:term":[{"taxonomy":"category","embeddable":true,"href":"https:\/\/www.renaissance-vieux-boulogne.fr\/index.php?rest_route=%2Fwp%2Fv2%2Fcategories&post=4003"},{"taxonomy":"post_tag","embeddable":true,"href":"https:\/\/www.renaissance-vieux-boulogne.fr\/index.php?rest_route=%2Fwp%2Fv2%2Ftags&post=4003"}],"curies":[{"name":"wp","href":"https:\/\/api.w.org\/{rel}","templated":true}]}}