{"id":4045,"date":"2024-11-27T16:22:01","date_gmt":"2024-11-27T15:22:01","guid":{"rendered":"https:\/\/www.renaissance-vieux-boulogne.fr\/?p=4045"},"modified":"2024-11-27T16:24:53","modified_gmt":"2024-11-27T15:24:53","slug":"conference-la-collection-bellon","status":"publish","type":"post","link":"https:\/\/www.renaissance-vieux-boulogne.fr\/?p=4045","title":{"rendered":"Conf\u00e9rence La Collection Bellon"},"content":{"rendered":"\n\n\n<p style=\"text-align: center;\"><a href=\"https:\/\/www.renaissance-vieux-boulogne.fr\/wp-content\/uploads\/2024\/11\/image_affiche_collection_bellon.jpg\"><img loading=\"lazy\" decoding=\"async\" class=\"alignnone size-medium wp-image-4018\" src=\"https:\/\/www.renaissance-vieux-boulogne.fr\/wp-content\/uploads\/2024\/11\/image_affiche_collection_bellon-212x300.jpg\" alt=\"\" width=\"212\" height=\"300\" srcset=\"https:\/\/www.renaissance-vieux-boulogne.fr\/wp-content\/uploads\/2024\/11\/image_affiche_collection_bellon-212x300.jpg 212w, https:\/\/www.renaissance-vieux-boulogne.fr\/wp-content\/uploads\/2024\/11\/image_affiche_collection_bellon-723x1024.jpg 723w, https:\/\/www.renaissance-vieux-boulogne.fr\/wp-content\/uploads\/2024\/11\/image_affiche_collection_bellon-768x1088.jpg 768w, https:\/\/www.renaissance-vieux-boulogne.fr\/wp-content\/uploads\/2024\/11\/image_affiche_collection_bellon-1084x1536.jpg 1084w, https:\/\/www.renaissance-vieux-boulogne.fr\/wp-content\/uploads\/2024\/11\/image_affiche_collection_bellon.jpg 1089w\" sizes=\"auto, (max-width: 212px) 100vw, 212px\" \/><\/a><\/p>\n<p><strong style=\"font-size: 19px; color: #767676; font-style: italic;\"><span style=\"color: #222222;\">\u00ab\u00a0Monsieur Georges Dilly, ancien conservateur du mus\u00e9e de Berck et arch\u00e9ologue, pr\u00e9sentera l&rsquo;histoire mouvement\u00e9e de la collection Bellon,\u00a0 grande collection priv\u00e9e d&rsquo;antiquit\u00e9s &#8211; aujourd&rsquo;hui dispers\u00e9e &#8211; dont une grande partie d&rsquo;objets gallo-romains provenait des fouilles effectu\u00e9es \u00e0 Amiens et Boulogne-sur-Mer.\u00a0\u00bb<\/span><\/strong><\/p>\n","protected":false},"excerpt":{"rendered":"<p>\u00ab\u00a0Monsieur Georges Dilly, ancien conservateur du mus\u00e9e de Berck et arch\u00e9ologue, pr\u00e9sentera l&rsquo;histoire mouvement\u00e9e de la collection Bellon,\u00a0 grande collection priv\u00e9e d&rsquo;antiquit\u00e9s &#8211; aujourd&rsquo;hui dispers\u00e9e &#8211; dont une grande partie d&rsquo;objets gallo-romains provenait des fouilles effectu\u00e9es \u00e0 Amiens et Boulogne-sur-Mer.\u00a0\u00bb<\/p>\n","protected":false},"author":1,"featured_media":0,"comment_status":"closed","ping_status":"closed","sticky":false,"template":"","format":"standard","meta":{"footnotes":""},"categories":[7],"tags":[],"class_list":["post-4045","post","type-post","status-publish","format-standard","hentry","category-conference"],"_links":{"self":[{"href":"https:\/\/www.renaissance-vieux-boulogne.fr\/index.php?rest_route=\/wp\/v2\/posts\/4045","targetHints":{"allow":["GET"]}}],"collection":[{"href":"https:\/\/www.renaissance-vieux-boulogne.fr\/index.php?rest_route=\/wp\/v2\/posts"}],"about":[{"href":"https:\/\/www.renaissance-vieux-boulogne.fr\/index.php?rest_route=\/wp\/v2\/types\/post"}],"author":[{"embeddable":true,"href":"https:\/\/www.renaissance-vieux-boulogne.fr\/index.php?rest_route=\/wp\/v2\/users\/1"}],"replies":[{"embeddable":true,"href":"https:\/\/www.renaissance-vieux-boulogne.fr\/index.php?rest_route=%2Fwp%2Fv2%2Fcomments&post=4045"}],"version-history":[{"count":1,"href":"https:\/\/www.renaissance-vieux-boulogne.fr\/index.php?rest_route=\/wp\/v2\/posts\/4045\/revisions"}],"predecessor-version":[{"id":4046,"href":"https:\/\/www.renaissance-vieux-boulogne.fr\/index.php?rest_route=\/wp\/v2\/posts\/4045\/revisions\/4046"}],"wp:attachment":[{"href":"https:\/\/www.renaissance-vieux-boulogne.fr\/index.php?rest_route=%2Fwp%2Fv2%2Fmedia&parent=4045"}],"wp:term":[{"taxonomy":"category","embeddable":true,"href":"https:\/\/www.renaissance-vieux-boulogne.fr\/index.php?rest_route=%2Fwp%2Fv2%2Fcategories&post=4045"},{"taxonomy":"post_tag","embeddable":true,"href":"https:\/\/www.renaissance-vieux-boulogne.fr\/index.php?rest_route=%2Fwp%2Fv2%2Ftags&post=4045"}],"curies":[{"name":"wp","href":"https:\/\/api.w.org\/{rel}","templated":true}]}}