{"id":4063,"date":"2024-12-01T18:50:27","date_gmt":"2024-12-01T17:50:27","guid":{"rendered":"https:\/\/www.renaissance-vieux-boulogne.fr\/?p=4063"},"modified":"2024-12-20T19:02:26","modified_gmt":"2024-12-20T18:02:26","slug":"publication-dominique-ghesquiere","status":"publish","type":"post","link":"https:\/\/www.renaissance-vieux-boulogne.fr\/?p=4063","title":{"rendered":"Publication de Dominique Ghesqui\u00e8re"},"content":{"rendered":"\n<p>Bravo \u00e0 notre ami Dominique Ghesqui\u00e8re, musicologue et sp\u00e9cialiste de l&rsquo;op\u00e9ra-comique qui plus d&rsquo;une fois nous a enchant\u00e9s par des conf\u00e9rences \u00e0 la fois savantes et enthousiasmantes. Il vient de faire para\u00eetre un ouvrage sur le compositeur Herv\u00e9 auquel il avait d\u00e9j\u00e0 consacr\u00e9 un livre en 1992. Dans ce nouvel opus, il apporte un \u00e9clairage pr\u00e9cieux sur les liens qu&rsquo;entretint le compositeur avec l&rsquo;Angleterre.<\/p>\n<p><a href=\"https:\/\/www.renaissance-vieux-boulogne.fr\/wp-content\/uploads\/2024\/12\/Dominique_Ghesquiere_Herve-2-scaled.jpg\"><img loading=\"lazy\" decoding=\"async\" class=\"size-medium wp-image-4064 aligncenter\" src=\"https:\/\/www.renaissance-vieux-boulogne.fr\/wp-content\/uploads\/2024\/12\/Dominique_Ghesquiere_Herve-2-203x300.jpg\" alt=\"\" width=\"203\" height=\"300\" srcset=\"https:\/\/www.renaissance-vieux-boulogne.fr\/wp-content\/uploads\/2024\/12\/Dominique_Ghesquiere_Herve-2-203x300.jpg 203w, https:\/\/www.renaissance-vieux-boulogne.fr\/wp-content\/uploads\/2024\/12\/Dominique_Ghesquiere_Herve-2-692x1024.jpg 692w, https:\/\/www.renaissance-vieux-boulogne.fr\/wp-content\/uploads\/2024\/12\/Dominique_Ghesquiere_Herve-2-768x1136.jpg 768w, https:\/\/www.renaissance-vieux-boulogne.fr\/wp-content\/uploads\/2024\/12\/Dominique_Ghesquiere_Herve-2-1038x1536.jpg 1038w, https:\/\/www.renaissance-vieux-boulogne.fr\/wp-content\/uploads\/2024\/12\/Dominique_Ghesquiere_Herve-2-1384x2048.jpg 1384w, https:\/\/www.renaissance-vieux-boulogne.fr\/wp-content\/uploads\/2024\/12\/Dominique_Ghesquiere_Herve-2-scaled.jpg 1730w\" sizes=\"auto, (max-width: 203px) 100vw, 203px\" \/><\/a><\/p>\n<p>Sp\u00e9cialiste reconnu de l&rsquo;op\u00e9ra-comique, Dominique Ghesqui\u00e8re a \u00e9t\u00e9 l&rsquo;invit\u00e9 de P. Ventirini dans son \u00e9mission <i>Sous la Couverture<\/i> dimanche 24 novembre, \u00e0 l&rsquo;occasion de cette publication. Vous pouvez retrouver le podcast de cette \u00e9mission en cliquant sur le lien suivant .<\/p>\n<p><a href=\"https:\/\/www.radiofrance.fr\/francemusique\/podcasts\/sous-la-couverture\/avec-dominique-ghesquiere-herve-entre-france-et-angleterre-le-rival-oublie-d-offenbach-editions-delatour-1971781\">https:\/\/www.radiofrance.fr\/francemusique\/podcasts\/sous-la-couverture\/avec-dominique-ghesquiere-herve-entre-france-et-angleterre-le-rival-oublie-d-offenbach-editions-delatour-1971781<\/a><\/p>\n","protected":false},"excerpt":{"rendered":"<p>Bravo \u00e0 notre ami Dominique Ghesqui\u00e8re, musicologue et sp\u00e9cialiste de l&rsquo;op\u00e9ra-comique qui plus d&rsquo;une fois nous a enchant\u00e9s par des conf\u00e9rences \u00e0 la fois savantes et enthousiasmantes. Il vient de faire para\u00eetre un ouvrage sur le compositeur Herv\u00e9 auquel il avait d\u00e9j\u00e0 consacr\u00e9 un livre en 1992. Dans ce nouvel opus, il apporte un \u00e9clairage &hellip; <a href=\"https:\/\/www.renaissance-vieux-boulogne.fr\/?p=4063\" class=\"more-link\">Continuer la lecture de <span class=\"screen-reader-text\">Publication de Dominique Ghesqui\u00e8re<\/span>  <span class=\"meta-nav\">&rarr;<\/span><\/a><\/p>\n","protected":false},"author":1,"featured_media":0,"comment_status":"closed","ping_status":"closed","sticky":false,"template":"","format":"standard","meta":{"footnotes":""},"categories":[17],"tags":[],"class_list":["post-4063","post","type-post","status-publish","format-standard","hentry","category-publication"],"_links":{"self":[{"href":"https:\/\/www.renaissance-vieux-boulogne.fr\/index.php?rest_route=\/wp\/v2\/posts\/4063","targetHints":{"allow":["GET"]}}],"collection":[{"href":"https:\/\/www.renaissance-vieux-boulogne.fr\/index.php?rest_route=\/wp\/v2\/posts"}],"about":[{"href":"https:\/\/www.renaissance-vieux-boulogne.fr\/index.php?rest_route=\/wp\/v2\/types\/post"}],"author":[{"embeddable":true,"href":"https:\/\/www.renaissance-vieux-boulogne.fr\/index.php?rest_route=\/wp\/v2\/users\/1"}],"replies":[{"embeddable":true,"href":"https:\/\/www.renaissance-vieux-boulogne.fr\/index.php?rest_route=%2Fwp%2Fv2%2Fcomments&post=4063"}],"version-history":[{"count":2,"href":"https:\/\/www.renaissance-vieux-boulogne.fr\/index.php?rest_route=\/wp\/v2\/posts\/4063\/revisions"}],"predecessor-version":[{"id":4071,"href":"https:\/\/www.renaissance-vieux-boulogne.fr\/index.php?rest_route=\/wp\/v2\/posts\/4063\/revisions\/4071"}],"wp:attachment":[{"href":"https:\/\/www.renaissance-vieux-boulogne.fr\/index.php?rest_route=%2Fwp%2Fv2%2Fmedia&parent=4063"}],"wp:term":[{"taxonomy":"category","embeddable":true,"href":"https:\/\/www.renaissance-vieux-boulogne.fr\/index.php?rest_route=%2Fwp%2Fv2%2Fcategories&post=4063"},{"taxonomy":"post_tag","embeddable":true,"href":"https:\/\/www.renaissance-vieux-boulogne.fr\/index.php?rest_route=%2Fwp%2Fv2%2Ftags&post=4063"}],"curies":[{"name":"wp","href":"https:\/\/api.w.org\/{rel}","templated":true}]}}