{"id":4143,"date":"2024-12-10T17:20:18","date_gmt":"2024-12-10T16:20:18","guid":{"rendered":"https:\/\/www.renaissance-vieux-boulogne.fr\/?p=4143"},"modified":"2024-12-10T17:21:14","modified_gmt":"2024-12-10T16:21:14","slug":"conference-la-residence-dervaux-reflet-de-lhistoire-boulonnaise","status":"publish","type":"post","link":"https:\/\/www.renaissance-vieux-boulogne.fr\/?p=4143","title":{"rendered":"Conf\u00e9rence La r\u00e9sidence Dervaux, reflet de l&rsquo;histoire boulonnaise"},"content":{"rendered":"\n\n\n<p><span style=\"color: #000000;\"><span style=\"font-family: Arial, sans-serif;\"><span style=\"font-size: small;\">Implant\u00e9 entre la Grande Rue et la rue F\u00e9lix-Adam, l\u2019ensemble immobilier, construit et reconstruit, appel\u00e9 aujourd\u2019hui r\u00e9sidence Dervaux, est depuis le d\u00e9but du\u00a0xix<sup>e<\/sup>\u00a0si\u00e8cle, \u00e0 la fois le t\u00e9moin de l\u2019histoire boulonnaise en ses heurs et malheurs comme celui des \u00e9volutions technologiques en mati\u00e8re de construction.<\/span><\/span><\/span><\/p>\n<p><span style=\"color: #000000;\"><span style=\"font-family: Arial, sans-serif;\"><span style=\"font-size: small;\">C\u2019est le th\u00e8me de la conf\u00e9rence que donnera Michel Parenty, docteur en histoire et membre de la Commission r\u00e9gionale du patrimoine et de l\u2019architecture Hauts-de-France. Il abordera successivement, par le texte et l\u2019image, le passage d\u2019Herlen, l\u2019h\u00f4tel Dervaux, la r\u00e9sidence Dervaux \u00e0 partir des sources manuscrites de premi\u00e8re main des archives publiques et priv\u00e9es.<\/span><\/span><\/span><\/p>\n<p style=\"text-align: center;\"><a href=\"https:\/\/www.renaissance-vieux-boulogne.fr\/wp-content\/uploads\/2024\/12\/affiche_residence_dervaux_image.jpg\"><img loading=\"lazy\" decoding=\"async\" class=\"alignnone size-medium wp-image-4139\" src=\"https:\/\/www.renaissance-vieux-boulogne.fr\/wp-content\/uploads\/2024\/12\/affiche_residence_dervaux_image-214x300.jpg\" alt=\"\" width=\"214\" height=\"300\" srcset=\"https:\/\/www.renaissance-vieux-boulogne.fr\/wp-content\/uploads\/2024\/12\/affiche_residence_dervaux_image-214x300.jpg 214w, https:\/\/www.renaissance-vieux-boulogne.fr\/wp-content\/uploads\/2024\/12\/affiche_residence_dervaux_image-731x1024.jpg 731w, https:\/\/www.renaissance-vieux-boulogne.fr\/wp-content\/uploads\/2024\/12\/affiche_residence_dervaux_image-768x1076.jpg 768w, https:\/\/www.renaissance-vieux-boulogne.fr\/wp-content\/uploads\/2024\/12\/affiche_residence_dervaux_image-1097x1536.jpg 1097w, https:\/\/www.renaissance-vieux-boulogne.fr\/wp-content\/uploads\/2024\/12\/affiche_residence_dervaux_image.jpg 1103w\" sizes=\"auto, (max-width: 214px) 100vw, 214px\" \/><\/a><\/p>\n","protected":false},"excerpt":{"rendered":"<p>Implant\u00e9 entre la Grande Rue et la rue F\u00e9lix-Adam, l\u2019ensemble immobilier, construit et reconstruit, appel\u00e9 aujourd\u2019hui r\u00e9sidence Dervaux, est depuis le d\u00e9but du\u00a0xixe\u00a0si\u00e8cle, \u00e0 la fois le t\u00e9moin de l\u2019histoire boulonnaise en ses heurs et malheurs comme celui des \u00e9volutions technologiques en mati\u00e8re de construction. C\u2019est le th\u00e8me de la conf\u00e9rence que donnera Michel Parenty, &hellip; <a href=\"https:\/\/www.renaissance-vieux-boulogne.fr\/?p=4143\" class=\"more-link\">Continuer la lecture de <span class=\"screen-reader-text\">Conf\u00e9rence La r\u00e9sidence Dervaux, reflet de l&rsquo;histoire boulonnaise<\/span>  <span class=\"meta-nav\">&rarr;<\/span><\/a><\/p>\n","protected":false},"author":1,"featured_media":0,"comment_status":"closed","ping_status":"closed","sticky":false,"template":"","format":"standard","meta":{"footnotes":""},"categories":[7],"tags":[],"class_list":["post-4143","post","type-post","status-publish","format-standard","hentry","category-conference"],"_links":{"self":[{"href":"https:\/\/www.renaissance-vieux-boulogne.fr\/index.php?rest_route=\/wp\/v2\/posts\/4143","targetHints":{"allow":["GET"]}}],"collection":[{"href":"https:\/\/www.renaissance-vieux-boulogne.fr\/index.php?rest_route=\/wp\/v2\/posts"}],"about":[{"href":"https:\/\/www.renaissance-vieux-boulogne.fr\/index.php?rest_route=\/wp\/v2\/types\/post"}],"author":[{"embeddable":true,"href":"https:\/\/www.renaissance-vieux-boulogne.fr\/index.php?rest_route=\/wp\/v2\/users\/1"}],"replies":[{"embeddable":true,"href":"https:\/\/www.renaissance-vieux-boulogne.fr\/index.php?rest_route=%2Fwp%2Fv2%2Fcomments&post=4143"}],"version-history":[{"count":1,"href":"https:\/\/www.renaissance-vieux-boulogne.fr\/index.php?rest_route=\/wp\/v2\/posts\/4143\/revisions"}],"predecessor-version":[{"id":4144,"href":"https:\/\/www.renaissance-vieux-boulogne.fr\/index.php?rest_route=\/wp\/v2\/posts\/4143\/revisions\/4144"}],"wp:attachment":[{"href":"https:\/\/www.renaissance-vieux-boulogne.fr\/index.php?rest_route=%2Fwp%2Fv2%2Fmedia&parent=4143"}],"wp:term":[{"taxonomy":"category","embeddable":true,"href":"https:\/\/www.renaissance-vieux-boulogne.fr\/index.php?rest_route=%2Fwp%2Fv2%2Fcategories&post=4143"},{"taxonomy":"post_tag","embeddable":true,"href":"https:\/\/www.renaissance-vieux-boulogne.fr\/index.php?rest_route=%2Fwp%2Fv2%2Ftags&post=4143"}],"curies":[{"name":"wp","href":"https:\/\/api.w.org\/{rel}","templated":true}]}}