{"id":415,"date":"2014-12-17T14:49:03","date_gmt":"2014-12-17T13:49:03","guid":{"rendered":"http:\/\/www.renaissance-vieux-boulogne.fr\/?p=415"},"modified":"2017-08-02T18:05:51","modified_gmt":"2017-08-02T17:05:51","slug":"parution-du-n70-des-cahiers-du-patrimoine-boulonnais","status":"publish","type":"post","link":"https:\/\/www.renaissance-vieux-boulogne.fr\/?p=415","title":{"rendered":"Au sommaire du n\u00b070"},"content":{"rendered":"<p><em>Editorial<\/em> par Yvette Talfer p.1<\/p>\n<p><em>Les entreprises boulonnaises et le logement du personnel (2\u00e8me partie)<\/em> par Fran\u00e7oise Watel p.2<\/p>\n<p><em>Ma\u00eetriser le feu et exalter la couleur : l&rsquo;oeuvre c\u00e9ramique de Vincente Gil Franco<\/em> par Yann Gobert-Sergent p.7<\/p>\n<p><em>Cin\u00e9ma &#8211; L&rsquo;av\u00e8nement du sonore et du parlant dans les salles boulonnaises<\/em> par Daniel Tintillier<\/p>\n<p><em><a href=\"http:\/\/www.renaissance-vieux-boulogne.fr\/wp-content\/uploads\/2014\/12\/70_eglise_sainte_ide.pdf\">L&rsquo;\u00e9glise_Sainte_Ide \u00e0 Saint-Martin-l\u00e8s-Boulogne <\/a><\/em>par Marie-Dominique Lobry p.22<\/p>\n","protected":false},"excerpt":{"rendered":"<p>Editorial par Yvette Talfer p.1 Les entreprises boulonnaises et le logement du personnel (2\u00e8me partie) par Fran\u00e7oise Watel p.2 Ma\u00eetriser le feu et exalter la couleur : l&rsquo;oeuvre c\u00e9ramique de Vincente Gil Franco par Yann Gobert-Sergent p.7 Cin\u00e9ma &#8211; L&rsquo;av\u00e8nement du sonore et du parlant dans les salles boulonnaises par Daniel Tintillier L&rsquo;\u00e9glise_Sainte_Ide \u00e0 Saint-Martin-l\u00e8s-Boulogne &hellip; <a href=\"https:\/\/www.renaissance-vieux-boulogne.fr\/?p=415\" class=\"more-link\">Continuer la lecture de <span class=\"screen-reader-text\">Au sommaire du n\u00b070<\/span>  <span class=\"meta-nav\">&rarr;<\/span><\/a><\/p>\n","protected":false},"author":1,"featured_media":0,"comment_status":"closed","ping_status":"closed","sticky":false,"template":"","format":"standard","meta":{"footnotes":""},"categories":[8],"tags":[],"class_list":["post-415","post","type-post","status-publish","format-standard","hentry","category-cahiers"],"_links":{"self":[{"href":"https:\/\/www.renaissance-vieux-boulogne.fr\/index.php?rest_route=\/wp\/v2\/posts\/415","targetHints":{"allow":["GET"]}}],"collection":[{"href":"https:\/\/www.renaissance-vieux-boulogne.fr\/index.php?rest_route=\/wp\/v2\/posts"}],"about":[{"href":"https:\/\/www.renaissance-vieux-boulogne.fr\/index.php?rest_route=\/wp\/v2\/types\/post"}],"author":[{"embeddable":true,"href":"https:\/\/www.renaissance-vieux-boulogne.fr\/index.php?rest_route=\/wp\/v2\/users\/1"}],"replies":[{"embeddable":true,"href":"https:\/\/www.renaissance-vieux-boulogne.fr\/index.php?rest_route=%2Fwp%2Fv2%2Fcomments&post=415"}],"version-history":[{"count":7,"href":"https:\/\/www.renaissance-vieux-boulogne.fr\/index.php?rest_route=\/wp\/v2\/posts\/415\/revisions"}],"predecessor-version":[{"id":1594,"href":"https:\/\/www.renaissance-vieux-boulogne.fr\/index.php?rest_route=\/wp\/v2\/posts\/415\/revisions\/1594"}],"wp:attachment":[{"href":"https:\/\/www.renaissance-vieux-boulogne.fr\/index.php?rest_route=%2Fwp%2Fv2%2Fmedia&parent=415"}],"wp:term":[{"taxonomy":"category","embeddable":true,"href":"https:\/\/www.renaissance-vieux-boulogne.fr\/index.php?rest_route=%2Fwp%2Fv2%2Fcategories&post=415"},{"taxonomy":"post_tag","embeddable":true,"href":"https:\/\/www.renaissance-vieux-boulogne.fr\/index.php?rest_route=%2Fwp%2Fv2%2Ftags&post=415"}],"curies":[{"name":"wp","href":"https:\/\/api.w.org\/{rel}","templated":true}]}}