{"id":4189,"date":"2025-01-22T19:32:04","date_gmt":"2025-01-22T18:32:04","guid":{"rendered":"https:\/\/www.renaissance-vieux-boulogne.fr\/?p=4189"},"modified":"2025-01-22T19:34:33","modified_gmt":"2025-01-22T18:34:33","slug":"conference-marguerite-de-valois","status":"publish","type":"post","link":"https:\/\/www.renaissance-vieux-boulogne.fr\/?p=4189","title":{"rendered":"Conf\u00e9rence Marguerite de Valois"},"content":{"rendered":"\n<p><a href=\"https:\/\/www.renaissance-vieux-boulogne.fr\/wp-content\/uploads\/2025\/01\/rvb_affiche_conference_marguerite_de_valois_image.jpg\"><img loading=\"lazy\" decoding=\"async\" class=\" wp-image-4187 aligncenter\" src=\"https:\/\/www.renaissance-vieux-boulogne.fr\/wp-content\/uploads\/2025\/01\/rvb_affiche_conference_marguerite_de_valois_image-212x300.jpg\" alt=\"\" width=\"350\" height=\"495\" srcset=\"https:\/\/www.renaissance-vieux-boulogne.fr\/wp-content\/uploads\/2025\/01\/rvb_affiche_conference_marguerite_de_valois_image-212x300.jpg 212w, https:\/\/www.renaissance-vieux-boulogne.fr\/wp-content\/uploads\/2025\/01\/rvb_affiche_conference_marguerite_de_valois_image-725x1024.jpg 725w, https:\/\/www.renaissance-vieux-boulogne.fr\/wp-content\/uploads\/2025\/01\/rvb_affiche_conference_marguerite_de_valois_image-768x1085.jpg 768w, https:\/\/www.renaissance-vieux-boulogne.fr\/wp-content\/uploads\/2025\/01\/rvb_affiche_conference_marguerite_de_valois_image.jpg 1087w\" sizes=\"auto, (max-width: 350px) 100vw, 350px\" \/><\/a><\/p>\n\n\n\n<p align=\"CENTER\"><span style=\"font-size: large;\"><b>Marguerite de Valois (la<i> Reine Margot<\/i>)<\/b><\/span><\/p>\n<p align=\"JUSTIFY\"><span style=\"font-size: medium;\">Qui ne conna\u00eet pas la <i>Reine Margot <\/i>? H\u00e9ro\u00efne d&rsquo;un c\u00e9l\u00e8bre roman d&rsquo;Alexandre Dumas, \u00e9pouse du roi Henri IV et t\u00eate d&rsquo;affiche d&rsquo;un film sorti en 1994 avec l&rsquo;actrice Isabelle Adjani dans le r\u00f4le titre, Marguerite de Valois est sans doute une figure de l&rsquo;Histoire de France tout \u00e0 la fois connue et mal trait\u00e9e par une l\u00e9gende noire tenace fixant pour toujours l&rsquo;image d&rsquo;une princesse d\u00e9bauch\u00e9e et scandaleuse. Cette image masque la r\u00e9alit\u00e9 d&rsquo;une personnalit\u00e9 f\u00e9minine qui chercha \u00e0 jouer un r\u00f4le politique au temps des guerres de Religion et revendiqua pour les femmes une place \u00e0 part enti\u00e8re dans une soci\u00e9t\u00e9 tr\u00e8s largement domin\u00e9e par les hommes. Marguerite de Valois porta haut le combat des femmes de son temps et perp\u00e9tua jusqu&rsquo;au d\u00e9but du XVIIe si\u00e8cle l&rsquo;esprit de l&rsquo;Humanisme et de la Renaissance.<\/span><\/p>\n<p align=\"JUSTIFY\"><span style=\"font-size: medium;\">(Alain JOBLIN. Professeur \u00e9m\u00e9rite de l&rsquo;Universit\u00e9 d&rsquo;Artois. Derni\u00e8re publication, aux \u00e9ditions Ellipses, Paris : <i>Marguerite de Valois (la Reine <\/i>Margot).<\/span><\/p>\n","protected":false},"excerpt":{"rendered":"<p>Marguerite de Valois (la Reine Margot) Qui ne conna\u00eet pas la Reine Margot ? H\u00e9ro\u00efne d&rsquo;un c\u00e9l\u00e8bre roman d&rsquo;Alexandre Dumas, \u00e9pouse du roi Henri IV et t\u00eate d&rsquo;affiche d&rsquo;un film sorti en 1994 avec l&rsquo;actrice Isabelle Adjani dans le r\u00f4le titre, Marguerite de Valois est sans doute une figure de l&rsquo;Histoire de France tout \u00e0 &hellip; <a href=\"https:\/\/www.renaissance-vieux-boulogne.fr\/?p=4189\" class=\"more-link\">Continuer la lecture de <span class=\"screen-reader-text\">Conf\u00e9rence Marguerite de Valois<\/span>  <span class=\"meta-nav\">&rarr;<\/span><\/a><\/p>\n","protected":false},"author":1,"featured_media":0,"comment_status":"closed","ping_status":"closed","sticky":false,"template":"","format":"standard","meta":{"footnotes":""},"categories":[7],"tags":[],"class_list":["post-4189","post","type-post","status-publish","format-standard","hentry","category-conference"],"_links":{"self":[{"href":"https:\/\/www.renaissance-vieux-boulogne.fr\/index.php?rest_route=\/wp\/v2\/posts\/4189","targetHints":{"allow":["GET"]}}],"collection":[{"href":"https:\/\/www.renaissance-vieux-boulogne.fr\/index.php?rest_route=\/wp\/v2\/posts"}],"about":[{"href":"https:\/\/www.renaissance-vieux-boulogne.fr\/index.php?rest_route=\/wp\/v2\/types\/post"}],"author":[{"embeddable":true,"href":"https:\/\/www.renaissance-vieux-boulogne.fr\/index.php?rest_route=\/wp\/v2\/users\/1"}],"replies":[{"embeddable":true,"href":"https:\/\/www.renaissance-vieux-boulogne.fr\/index.php?rest_route=%2Fwp%2Fv2%2Fcomments&post=4189"}],"version-history":[{"count":1,"href":"https:\/\/www.renaissance-vieux-boulogne.fr\/index.php?rest_route=\/wp\/v2\/posts\/4189\/revisions"}],"predecessor-version":[{"id":4190,"href":"https:\/\/www.renaissance-vieux-boulogne.fr\/index.php?rest_route=\/wp\/v2\/posts\/4189\/revisions\/4190"}],"wp:attachment":[{"href":"https:\/\/www.renaissance-vieux-boulogne.fr\/index.php?rest_route=%2Fwp%2Fv2%2Fmedia&parent=4189"}],"wp:term":[{"taxonomy":"category","embeddable":true,"href":"https:\/\/www.renaissance-vieux-boulogne.fr\/index.php?rest_route=%2Fwp%2Fv2%2Fcategories&post=4189"},{"taxonomy":"post_tag","embeddable":true,"href":"https:\/\/www.renaissance-vieux-boulogne.fr\/index.php?rest_route=%2Fwp%2Fv2%2Ftags&post=4189"}],"curies":[{"name":"wp","href":"https:\/\/api.w.org\/{rel}","templated":true}]}}