{"id":4392,"date":"2025-11-19T10:49:52","date_gmt":"2025-11-19T09:49:52","guid":{"rendered":"https:\/\/www.renaissance-vieux-boulogne.fr\/?p=4392"},"modified":"2025-11-19T10:50:53","modified_gmt":"2025-11-19T09:50:53","slug":"georges-feydeau-le-maitre-du-vaudeville","status":"publish","type":"post","link":"https:\/\/www.renaissance-vieux-boulogne.fr\/?p=4392","title":{"rendered":"Georges Feydeau, le ma\u00eetre du vaudeville"},"content":{"rendered":"\n<p style=\"text-align: center;\"><a href=\"https:\/\/www.renaissance-vieux-boulogne.fr\/wp-content\/uploads\/2025\/11\/Affiche-Feydeau.jpg\"><img loading=\"lazy\" decoding=\"async\" class=\"alignnone size-medium wp-image-4380\" src=\"https:\/\/www.renaissance-vieux-boulogne.fr\/wp-content\/uploads\/2025\/11\/Affiche-Feydeau-300x214.jpg\" alt=\"\" width=\"300\" height=\"214\" srcset=\"https:\/\/www.renaissance-vieux-boulogne.fr\/wp-content\/uploads\/2025\/11\/Affiche-Feydeau-300x214.jpg 300w, https:\/\/www.renaissance-vieux-boulogne.fr\/wp-content\/uploads\/2025\/11\/Affiche-Feydeau-1024x729.jpg 1024w, https:\/\/www.renaissance-vieux-boulogne.fr\/wp-content\/uploads\/2025\/11\/Affiche-Feydeau-768x547.jpg 768w, https:\/\/www.renaissance-vieux-boulogne.fr\/wp-content\/uploads\/2025\/11\/Affiche-Feydeau-1536x1094.jpg 1536w, https:\/\/www.renaissance-vieux-boulogne.fr\/wp-content\/uploads\/2025\/11\/Affiche-Feydeau-2048x1458.jpg 2048w\" sizes=\"auto, (max-width: 300px) 100vw, 300px\" \/><\/a><\/p>\n<p>\u00a0<\/p>\n\n\n\n<p align=\"CENTER\"><span style=\"font-size: x-large;\"><b>Renaissance du Vieux-Boulogne pr\u00e9sente<\/b><\/span><\/p>\n<p align=\"CENTER\"><span style=\"font-size: large;\"><i><b>GEORGES FEYDEAU, LE MA\u00ceTRE DU VAUDEVILLE<\/b><\/i><\/span><\/p>\n<p align=\"CENTER\"><span style=\"font-size: large;\"><i><b>Une conf\u00e9rence de Dominique Ghesqui\u00e8re<\/b><\/i><\/span><\/p>\n<p align=\"JUSTIFY\"><span style=\"font-size: medium;\">Dans la m\u00e9moire collective, le nom de Feydeau\u00a0\u00e9voque aussit\u00f4t le d\u00e9cor d\u2019un appartement parisien cossu, au style Belle \u00c9poque, au milieu duquel s\u2019animent des personnages coiff\u00e9s et habill\u00e9s \u00e9l\u00e9gamment, selon cette mode si caract\u00e9ristique d\u2019alors, en se lan\u00e7ant au visage des phrases remplies de faux-semblants dans le but de sauver les apparences\u00a0: car tout est l\u00e0 \u2026 Il faut maintenir, co\u00fbte que co\u00fbte, cette image irr\u00e9prochable et sans nuages du couple d\u2019alors, l\u2019arch\u00e9type d\u2019un tableau bourgeois dans tout l\u2019aspect superficiel du mot\u2026 Mais en y regardant de plus pr\u00e8s, ce vernis finit par se craqueler, c\u2019est son d\u00e9faut, comme ceux, si nombreux, des personnages repr\u00e9sent\u00e9s\u2026 Et l\u00e0 intervient Feydeau, avec son \u0153il observateur et sa palette de bons mots, brossant leurs d\u00e9fauts, mais en les exag\u00e9rant, en les mettant en lumi\u00e8re, les caricaturant, les rendant absurdes, sinon irr\u00e9sistibles par effet de creux, face \u00e0 leur contexte si rigoureux et si rang\u00e9, tout au moins\u2026 d\u2019aspect. <\/span><\/p>\n<p align=\"JUSTIFY\"><span style=\"font-size: medium;\">Oui, c\u2019est d\u2019un auteur de th\u00e9\u00e2tre dont il s\u2019agit, et non d\u2019un peintre\u2026 Quoi qu\u2019\u00e0 l\u2019instar d\u2019une toile, une sc\u00e8ne jou\u00e9e sur les planches, peut se d\u00e9peindre de la m\u00eame mani\u00e8re, avec des nuances de raillerie teint\u00e9es de sagacit\u00e9 se colorant m\u00eame jusqu\u2019au cynisme afin de d\u00e9clencher le rire\u00a0; en cela Feydeau excelle par sa savante m\u00e9canique qui en provoque l\u2019\u00e9clat, et de mani\u00e8re calcul\u00e9e. Pourtant, s\u2019il h\u00e9sita un jour, pour sa carri\u00e8re, entre la plume et le pinceau, il pr\u00e9f\u00e9ra finalement les r\u00e9pliques vives aux natures mortes \u2026 Et c\u2019est sans parler de ses nombreux monologues si subtils, \u00e9crits pour \u00eatre interpr\u00e9t\u00e9s par son grand ami Coquelin Cadet \u2026 Quel artiste que ce Feydeau\u00a0! Quelle imagination pour emm\u00ealer et d\u00e9m\u00ealer avec verve ses intrigues les plus tordues\u00a0! Quel talent que de parvenir \u00e0 faire s\u2019esclaffer des salles enti\u00e8res durant plus de trente ans. Mais lui, s\u2019amusait-il de ses quiproquos \u00e9chevel\u00e9s\u00a0? De qui peut-il tenir\u00a0cette personnalit\u00e9 ? De son p\u00e8re\u00a0? Qui \u00e9tait-il\u00a0? Qui \u00e9tait sa m\u00e8re\u00a0? Quelle fut la vie\u00a0de Feydeau ? Comment fut son couple\u00a0? Quelle fut la fin\u00a0de cet homme de th\u00e9\u00e2tre \u00e9tonnant ? Les r\u00e9ponses \u00e0 ces questions vous surprendront peut-\u00eatre, d\u2019autant que Feydeau avait connu notre r\u00e9gion et notre ville de Boulogne en des circonstances bien particuli\u00e8res\u2026 Alors, si la curiosit\u00e9 vous pousse, venez d\u00e9couvrir le Ma\u00eetre du vaudeville fran\u00e7ais\u00a0:<\/span><\/p>\n<p align=\"CENTER\"><span style=\"font-size: large;\"><b>Vendredi 5 d\u00e9cembre \u00e0 18 heures,<\/b><\/span><\/p>\n<p align=\"CENTER\"><span style=\"font-size: large;\"><b>\u00e0 l\u2019espace culturel La Chapelle &#8211; Universit\u00e9 du Littoral<\/b><\/span><\/p>\n<p align=\"CENTER\"><span style=\"font-size: large;\"><b>21, Rue Saint-Louis<\/b><\/span><\/p>\n<p align=\"CENTER\"><span style=\"font-size: large;\"><b>Boulogne<\/b><\/span><\/p>\n<p align=\"CENTER\"><span style=\"font-size: large;\"><i><b>Entr\u00e9e libre<\/b><\/i><\/span><\/p>\n","protected":false},"excerpt":{"rendered":"<p>\u00a0 Renaissance du Vieux-Boulogne pr\u00e9sente GEORGES FEYDEAU, LE MA\u00ceTRE DU VAUDEVILLE Une conf\u00e9rence de Dominique Ghesqui\u00e8re Dans la m\u00e9moire collective, le nom de Feydeau\u00a0\u00e9voque aussit\u00f4t le d\u00e9cor d\u2019un appartement parisien cossu, au style Belle \u00c9poque, au milieu duquel s\u2019animent des personnages coiff\u00e9s et habill\u00e9s \u00e9l\u00e9gamment, selon cette mode si caract\u00e9ristique d\u2019alors, en se lan\u00e7ant au &hellip; <a href=\"https:\/\/www.renaissance-vieux-boulogne.fr\/?p=4392\" class=\"more-link\">Continuer la lecture de <span class=\"screen-reader-text\">Georges Feydeau, le ma\u00eetre du vaudeville<\/span>  <span class=\"meta-nav\">&rarr;<\/span><\/a><\/p>\n","protected":false},"author":1,"featured_media":0,"comment_status":"closed","ping_status":"closed","sticky":false,"template":"","format":"standard","meta":{"footnotes":""},"categories":[7],"tags":[],"class_list":["post-4392","post","type-post","status-publish","format-standard","hentry","category-conference"],"_links":{"self":[{"href":"https:\/\/www.renaissance-vieux-boulogne.fr\/index.php?rest_route=\/wp\/v2\/posts\/4392","targetHints":{"allow":["GET"]}}],"collection":[{"href":"https:\/\/www.renaissance-vieux-boulogne.fr\/index.php?rest_route=\/wp\/v2\/posts"}],"about":[{"href":"https:\/\/www.renaissance-vieux-boulogne.fr\/index.php?rest_route=\/wp\/v2\/types\/post"}],"author":[{"embeddable":true,"href":"https:\/\/www.renaissance-vieux-boulogne.fr\/index.php?rest_route=\/wp\/v2\/users\/1"}],"replies":[{"embeddable":true,"href":"https:\/\/www.renaissance-vieux-boulogne.fr\/index.php?rest_route=%2Fwp%2Fv2%2Fcomments&post=4392"}],"version-history":[{"count":1,"href":"https:\/\/www.renaissance-vieux-boulogne.fr\/index.php?rest_route=\/wp\/v2\/posts\/4392\/revisions"}],"predecessor-version":[{"id":4393,"href":"https:\/\/www.renaissance-vieux-boulogne.fr\/index.php?rest_route=\/wp\/v2\/posts\/4392\/revisions\/4393"}],"wp:attachment":[{"href":"https:\/\/www.renaissance-vieux-boulogne.fr\/index.php?rest_route=%2Fwp%2Fv2%2Fmedia&parent=4392"}],"wp:term":[{"taxonomy":"category","embeddable":true,"href":"https:\/\/www.renaissance-vieux-boulogne.fr\/index.php?rest_route=%2Fwp%2Fv2%2Fcategories&post=4392"},{"taxonomy":"post_tag","embeddable":true,"href":"https:\/\/www.renaissance-vieux-boulogne.fr\/index.php?rest_route=%2Fwp%2Fv2%2Ftags&post=4392"}],"curies":[{"name":"wp","href":"https:\/\/api.w.org\/{rel}","templated":true}]}}