{"id":4452,"date":"2025-11-30T19:05:57","date_gmt":"2025-11-30T18:05:57","guid":{"rendered":"https:\/\/www.renaissance-vieux-boulogne.fr\/?p=4452"},"modified":"2025-11-30T19:06:29","modified_gmt":"2025-11-30T18:06:29","slug":"batisse-et-zabelle-au-ministere","status":"publish","type":"post","link":"https:\/\/www.renaissance-vieux-boulogne.fr\/?p=4452","title":{"rendered":"Batisse et Zabelle au Minist\u00e8re"},"content":{"rendered":"\n<p>La revue <em>Batisse et Zabelle au Minist\u00e8re<\/em> a \u00e9t\u00e9 compos\u00e9e en mars 1946. On n&rsquo;a pas retrouv\u00e9 trace de sa repr\u00e9sentation mais on sait que l&rsquo;acte II a servi de base \u00e0 la revue <em>Bouche qui rit<\/em> que l&rsquo;auteur Charles Cojez, a fait repr\u00e9senter au th\u00e9\u00e2tre municipal de Boulogne-sur-mer le 30 mai 1946.<\/p>\n<p>L&rsquo;auteur y met en sc\u00e8ne les difficult\u00e9s qui furent celles de la reconstruction de Boulogne-sur-mer apr\u00e8s les bombardements intenses que la ville eut \u00e0 subir durant la seconde guerre mondiale.<\/p>\n<p>Si le rire et les chants sont au rendez-vous comme il se doit dans toute revue locale,\u00a0 place n&rsquo;en est pas moins faite aux pol\u00e9miques qui pr\u00e9sid\u00e8rent au choix d&rsquo;un plan de reconstruction et aux difficult\u00e9s de vie des Boulonnais pendant cette \u00e9poque.<\/p>\n<table style=\"border-collapse: collapse; width: 100%;\">\n<tbody>\n<tr>\n<td style=\"width: 33.3333%;\"><a href=\"https:\/\/www.renaissance-vieux-boulogne.fr\/wp-content\/uploads\/2025\/11\/rvb_betZ_au_minis_1.jpg\"><img loading=\"lazy\" decoding=\"async\" class=\"alignnone size-medium wp-image-4453\" src=\"https:\/\/www.renaissance-vieux-boulogne.fr\/wp-content\/uploads\/2025\/11\/rvb_betZ_au_minis_1-214x300.jpg\" alt=\"\" width=\"214\" height=\"300\" srcset=\"https:\/\/www.renaissance-vieux-boulogne.fr\/wp-content\/uploads\/2025\/11\/rvb_betZ_au_minis_1-214x300.jpg 214w, https:\/\/www.renaissance-vieux-boulogne.fr\/wp-content\/uploads\/2025\/11\/rvb_betZ_au_minis_1-730x1024.jpg 730w, https:\/\/www.renaissance-vieux-boulogne.fr\/wp-content\/uploads\/2025\/11\/rvb_betZ_au_minis_1-768x1078.jpg 768w, https:\/\/www.renaissance-vieux-boulogne.fr\/wp-content\/uploads\/2025\/11\/rvb_betZ_au_minis_1.jpg 1007w\" sizes=\"auto, (max-width: 214px) 100vw, 214px\" \/><\/a><\/td>\n<td style=\"width: 33.3333%;\"><a href=\"https:\/\/www.renaissance-vieux-boulogne.fr\/wp-content\/uploads\/2025\/11\/rvb_betZ_au_minis_2.jpg\"><img loading=\"lazy\" decoding=\"async\" class=\"alignnone size-medium wp-image-4454\" src=\"https:\/\/www.renaissance-vieux-boulogne.fr\/wp-content\/uploads\/2025\/11\/rvb_betZ_au_minis_2-216x300.jpg\" alt=\"\" width=\"216\" height=\"300\" srcset=\"https:\/\/www.renaissance-vieux-boulogne.fr\/wp-content\/uploads\/2025\/11\/rvb_betZ_au_minis_2-216x300.jpg 216w, https:\/\/www.renaissance-vieux-boulogne.fr\/wp-content\/uploads\/2025\/11\/rvb_betZ_au_minis_2-737x1024.jpg 737w, https:\/\/www.renaissance-vieux-boulogne.fr\/wp-content\/uploads\/2025\/11\/rvb_betZ_au_minis_2-768x1066.jpg 768w, https:\/\/www.renaissance-vieux-boulogne.fr\/wp-content\/uploads\/2025\/11\/rvb_betZ_au_minis_2.jpg 1009w\" sizes=\"auto, (max-width: 216px) 100vw, 216px\" \/><\/a><\/td>\n<td style=\"width: 33.3333%;\"><a href=\"https:\/\/www.renaissance-vieux-boulogne.fr\/wp-content\/uploads\/2025\/11\/rvb_betZ_au_minis_3.jpg\"><img loading=\"lazy\" decoding=\"async\" class=\"alignnone size-medium wp-image-4455\" src=\"https:\/\/www.renaissance-vieux-boulogne.fr\/wp-content\/uploads\/2025\/11\/rvb_betZ_au_minis_3-214x300.jpg\" alt=\"\" width=\"214\" height=\"300\" srcset=\"https:\/\/www.renaissance-vieux-boulogne.fr\/wp-content\/uploads\/2025\/11\/rvb_betZ_au_minis_3-214x300.jpg 214w, https:\/\/www.renaissance-vieux-boulogne.fr\/wp-content\/uploads\/2025\/11\/rvb_betZ_au_minis_3-732x1024.jpg 732w, https:\/\/www.renaissance-vieux-boulogne.fr\/wp-content\/uploads\/2025\/11\/rvb_betZ_au_minis_3-768x1075.jpg 768w, https:\/\/www.renaissance-vieux-boulogne.fr\/wp-content\/uploads\/2025\/11\/rvb_betZ_au_minis_3.jpg 1017w\" sizes=\"auto, (max-width: 214px) 100vw, 214px\" \/><\/a><\/td>\n<\/tr>\n<\/tbody>\n<\/table>\n<p>\u00a0<\/p>\n\n\n","protected":false},"excerpt":{"rendered":"<p>La revue Batisse et Zabelle au Minist\u00e8re a \u00e9t\u00e9 compos\u00e9e en mars 1946. On n&rsquo;a pas retrouv\u00e9 trace de sa repr\u00e9sentation mais on sait que l&rsquo;acte II a servi de base \u00e0 la revue Bouche qui rit que l&rsquo;auteur Charles Cojez, a fait repr\u00e9senter au th\u00e9\u00e2tre municipal de Boulogne-sur-mer le 30 mai 1946. L&rsquo;auteur y &hellip; <a href=\"https:\/\/www.renaissance-vieux-boulogne.fr\/?p=4452\" class=\"more-link\">Continuer la lecture de <span class=\"screen-reader-text\">Batisse et Zabelle au Minist\u00e8re<\/span>  <span class=\"meta-nav\">&rarr;<\/span><\/a><\/p>\n","protected":false},"author":1,"featured_media":0,"comment_status":"closed","ping_status":"closed","sticky":false,"template":"","format":"standard","meta":{"footnotes":""},"categories":[17],"tags":[],"class_list":["post-4452","post","type-post","status-publish","format-standard","hentry","category-publication"],"_links":{"self":[{"href":"https:\/\/www.renaissance-vieux-boulogne.fr\/index.php?rest_route=\/wp\/v2\/posts\/4452","targetHints":{"allow":["GET"]}}],"collection":[{"href":"https:\/\/www.renaissance-vieux-boulogne.fr\/index.php?rest_route=\/wp\/v2\/posts"}],"about":[{"href":"https:\/\/www.renaissance-vieux-boulogne.fr\/index.php?rest_route=\/wp\/v2\/types\/post"}],"author":[{"embeddable":true,"href":"https:\/\/www.renaissance-vieux-boulogne.fr\/index.php?rest_route=\/wp\/v2\/users\/1"}],"replies":[{"embeddable":true,"href":"https:\/\/www.renaissance-vieux-boulogne.fr\/index.php?rest_route=%2Fwp%2Fv2%2Fcomments&post=4452"}],"version-history":[{"count":1,"href":"https:\/\/www.renaissance-vieux-boulogne.fr\/index.php?rest_route=\/wp\/v2\/posts\/4452\/revisions"}],"predecessor-version":[{"id":4456,"href":"https:\/\/www.renaissance-vieux-boulogne.fr\/index.php?rest_route=\/wp\/v2\/posts\/4452\/revisions\/4456"}],"wp:attachment":[{"href":"https:\/\/www.renaissance-vieux-boulogne.fr\/index.php?rest_route=%2Fwp%2Fv2%2Fmedia&parent=4452"}],"wp:term":[{"taxonomy":"category","embeddable":true,"href":"https:\/\/www.renaissance-vieux-boulogne.fr\/index.php?rest_route=%2Fwp%2Fv2%2Fcategories&post=4452"},{"taxonomy":"post_tag","embeddable":true,"href":"https:\/\/www.renaissance-vieux-boulogne.fr\/index.php?rest_route=%2Fwp%2Fv2%2Ftags&post=4452"}],"curies":[{"name":"wp","href":"https:\/\/api.w.org\/{rel}","templated":true}]}}