{"id":4641,"date":"2026-01-18T18:43:18","date_gmt":"2026-01-18T17:43:18","guid":{"rendered":"https:\/\/www.renaissance-vieux-boulogne.fr\/?p=4641"},"modified":"2026-01-18T19:05:42","modified_gmt":"2026-01-18T18:05:42","slug":"conference-le-patrimoine-religieux-boulonnais-au-xixe-siecle","status":"publish","type":"post","link":"https:\/\/www.renaissance-vieux-boulogne.fr\/?p=4641","title":{"rendered":"Conf\u00e9rence Le patrimoine religieux boulonnais au XIXe si\u00e8cle"},"content":{"rendered":"\n<p style=\"text-align: center;\">\u00a0par Richard HONVAULT<\/p>\n<p style=\"text-align: center;\">Vendredi 6 f\u00e9vrier 2026<\/p>\n<p style=\"text-align: center;\">18h<\/p>\n<p><a href=\"https:\/\/www.renaissance-vieux-boulogne.fr\/wp-content\/uploads\/2026\/01\/rvb_affiche_conference_patrimoine_religieux.jpg\"><img loading=\"lazy\" decoding=\"async\" class=\"alignnone size-large wp-image-4643\" src=\"https:\/\/www.renaissance-vieux-boulogne.fr\/wp-content\/uploads\/2026\/01\/rvb_affiche_conference_patrimoine_religieux-1024x724.jpg\" alt=\"\" width=\"474\" height=\"335\" srcset=\"https:\/\/www.renaissance-vieux-boulogne.fr\/wp-content\/uploads\/2026\/01\/rvb_affiche_conference_patrimoine_religieux-1024x724.jpg 1024w, https:\/\/www.renaissance-vieux-boulogne.fr\/wp-content\/uploads\/2026\/01\/rvb_affiche_conference_patrimoine_religieux-300x212.jpg 300w, https:\/\/www.renaissance-vieux-boulogne.fr\/wp-content\/uploads\/2026\/01\/rvb_affiche_conference_patrimoine_religieux-768x543.jpg 768w, https:\/\/www.renaissance-vieux-boulogne.fr\/wp-content\/uploads\/2026\/01\/rvb_affiche_conference_patrimoine_religieux-1536x1085.jpg 1536w, https:\/\/www.renaissance-vieux-boulogne.fr\/wp-content\/uploads\/2026\/01\/rvb_affiche_conference_patrimoine_religieux-2048x1447.jpg 2048w\" sizes=\"auto, (max-width: 474px) 100vw, 474px\" \/><\/a><\/p>\n<p style=\"text-align: left;\"><span style=\"color: #222222;\"><span style=\"font-family: arial, helvetica, sans-serif;\"><span style=\"font-size: medium;\">Le XIX\u1d49 si\u00e8cle marque pour l\u2019ensemble du Boulonnais une p\u00e9riode de profond renouveau religieux et architectural. <\/span><\/span><\/span><span style=\"color: #222222;\"><span style=\"font-family: arial, helvetica, sans-serif;\"><span style=\"font-size: medium;\">Dans un contexte de croissance urbaine, de d\u00e9veloppement portuaire, d\u2019industrialisation, s\u2019engage un vaste mouvement de construction d\u2019\u00e9difices cultuels.<\/span><\/span><\/span><span style=\"font-size: medium;\"><br \/><\/span><span style=\"color: #222222;\"><span style=\"font-family: arial, helvetica, sans-serif;\"><span style=\"font-size: medium;\">Cette conf\u00e9rence propose d\u2019analyser ces dynamiques, leurs acteurs et leurs styles, pour mieux comprendre comment le patrimoine religieux boulonnais s\u2019est fa\u00e7onn\u00e9 au rythme des transformations sociales et politiques du si\u00e8cle.<\/span><\/span><\/span><\/p>\n","protected":false},"excerpt":{"rendered":"<p>\u00a0par Richard HONVAULT Vendredi 6 f\u00e9vrier 2026 18h Le XIX\u1d49 si\u00e8cle marque pour l\u2019ensemble du Boulonnais une p\u00e9riode de profond renouveau religieux et architectural. Dans un contexte de croissance urbaine, de d\u00e9veloppement portuaire, d\u2019industrialisation, s\u2019engage un vaste mouvement de construction d\u2019\u00e9difices cultuels.Cette conf\u00e9rence propose d\u2019analyser ces dynamiques, leurs acteurs et leurs styles, pour mieux comprendre &hellip; <a href=\"https:\/\/www.renaissance-vieux-boulogne.fr\/?p=4641\" class=\"more-link\">Continuer la lecture de <span class=\"screen-reader-text\">Conf\u00e9rence Le patrimoine religieux boulonnais au XIXe si\u00e8cle<\/span>  <span class=\"meta-nav\">&rarr;<\/span><\/a><\/p>\n","protected":false},"author":1,"featured_media":0,"comment_status":"closed","ping_status":"closed","sticky":false,"template":"","format":"standard","meta":{"footnotes":""},"categories":[7],"tags":[],"class_list":["post-4641","post","type-post","status-publish","format-standard","hentry","category-conference"],"_links":{"self":[{"href":"https:\/\/www.renaissance-vieux-boulogne.fr\/index.php?rest_route=\/wp\/v2\/posts\/4641","targetHints":{"allow":["GET"]}}],"collection":[{"href":"https:\/\/www.renaissance-vieux-boulogne.fr\/index.php?rest_route=\/wp\/v2\/posts"}],"about":[{"href":"https:\/\/www.renaissance-vieux-boulogne.fr\/index.php?rest_route=\/wp\/v2\/types\/post"}],"author":[{"embeddable":true,"href":"https:\/\/www.renaissance-vieux-boulogne.fr\/index.php?rest_route=\/wp\/v2\/users\/1"}],"replies":[{"embeddable":true,"href":"https:\/\/www.renaissance-vieux-boulogne.fr\/index.php?rest_route=%2Fwp%2Fv2%2Fcomments&post=4641"}],"version-history":[{"count":5,"href":"https:\/\/www.renaissance-vieux-boulogne.fr\/index.php?rest_route=\/wp\/v2\/posts\/4641\/revisions"}],"predecessor-version":[{"id":4654,"href":"https:\/\/www.renaissance-vieux-boulogne.fr\/index.php?rest_route=\/wp\/v2\/posts\/4641\/revisions\/4654"}],"wp:attachment":[{"href":"https:\/\/www.renaissance-vieux-boulogne.fr\/index.php?rest_route=%2Fwp%2Fv2%2Fmedia&parent=4641"}],"wp:term":[{"taxonomy":"category","embeddable":true,"href":"https:\/\/www.renaissance-vieux-boulogne.fr\/index.php?rest_route=%2Fwp%2Fv2%2Fcategories&post=4641"},{"taxonomy":"post_tag","embeddable":true,"href":"https:\/\/www.renaissance-vieux-boulogne.fr\/index.php?rest_route=%2Fwp%2Fv2%2Ftags&post=4641"}],"curies":[{"name":"wp","href":"https:\/\/api.w.org\/{rel}","templated":true}]}}