{"id":516,"date":"2015-01-29T18:53:18","date_gmt":"2015-01-29T17:53:18","guid":{"rendered":"http:\/\/www.renaissance-vieux-boulogne.fr\/?p=516"},"modified":"2015-03-11T18:07:19","modified_gmt":"2015-03-11T17:07:19","slug":"conference-sur-limage-de-laviateur-francais-en-1914-1918-a-travers-la-propagande","status":"publish","type":"post","link":"https:\/\/www.renaissance-vieux-boulogne.fr\/?p=516","title":{"rendered":"Conf\u00e9rence sur l&rsquo;image de l&rsquo;aviateur fran\u00e7ais en 1914-1918, \u00e0 travers la propagande"},"content":{"rendered":"<p style=\"text-align: center;\"><strong>par Monsieur Jean-Pierre Dournel<br \/>\n<\/strong><\/p>\n<p style=\"text-align: center;\">Agr\u00e9g\u00e9 d&rsquo;histoire, professeur honoraire de lettres sup\u00e9rieures<\/p>\n<p style=\"text-align: center;\"><a href=\"http:\/\/www.renaissance-vieux-boulogne.fr\/wp-content\/uploads\/2015\/01\/jpdournel_red.jpg\"><img loading=\"lazy\" decoding=\"async\" class=\"alignnone size-full wp-image-526\" src=\"http:\/\/www.renaissance-vieux-boulogne.fr\/wp-content\/uploads\/2015\/01\/jpdournel_red.jpg\" alt=\"jpdournel_red\" width=\"648\" height=\"486\" \/><\/a><\/p>\n<p style=\"text-align: center;\">Compte-rendu<\/p>\n<p style=\"text-align: left;\">Monsieur jean-Pierre Dournel a donn\u00e9, vendredi 6 f\u00e9vrier 2015, une conf\u00e9rence au th\u00e8me original, fruit d&rsquo;un travail de recherche important.\u00a0 Le public a d\u00e9couvert avec beaucoup d&rsquo;int\u00e9r\u00eat le monde des aviateurs issus, dans les premi\u00e8res ann\u00e9es de la guerre, de la soci\u00e9t\u00e9 civile, qui vivaient leur mission comme un sport.<\/p>\n<p style=\"text-align: left;\">Peu \u00e0 peu militaris\u00e9s et disciplin\u00e9s, les pilotes de chasse n&rsquo;en gard\u00e8rent pas moins leur panache et laiss\u00e8rent l&rsquo;image de h\u00e9ros intr\u00e9pides.<\/p>\n<p style=\"text-align: left;\">Ils pay\u00e8rent un lourd tribut \u00e0 la guerre et concoururent \u00e0 faire de l&rsquo;aviation la 5\u00e8me arme.<\/p>\n<p style=\"text-align: left;\"><!--more--><\/p>\n<p style=\"text-align: center;\">___<\/p>\n<p style=\"text-align: center;\">Annonce<\/p>\n<p style=\"text-align: center;\"><strong>Vendredi 6 f\u00e9vrier 2015<br \/>\n<\/strong><\/p>\n<p style=\"text-align: center;\"><strong>18h<\/strong><\/p>\n<p style=\"text-align: center;\">Salle Cassar, Biblioth\u00e8que des Annonciades, Place de la R\u00e9sistance, Boulogne-sur-mer<\/p>\n<p style=\"text-align: center;\">Ouvert \u00e0 tous \u2013 Entr\u00e9e gratuite<\/p>\n<p style=\"text-align: center;\">\u00a0<strong>Une image de l&rsquo;aviateur fran\u00e7ais en 1914-1918, \u00e0 travers la propagande\u00a0: <\/strong><strong>De l&rsquo;id\u00e9ologie chevaleresque \u00e0 la guerre industrielle<\/strong><\/p>\n<p style=\"text-align: center;\">Organis\u00e9e d&rsquo;abord de mani\u00e8re empirique, l&rsquo;arme a\u00e9rienne a pris son essor au cours de la Premi\u00e8re Guerre Mondiale avec les d\u00e9veloppements successifs des missions de reconnaissance, de r\u00e9glage des tirs d&rsquo;artillerie, puis de la chasse et enfin du bombardement.<\/p>\n<p style=\"text-align: center;\">Avant 1914, l&rsquo;aviation \u00e9tait avant tout un sport pratiqu\u00e9 par quelques civils privil\u00e9gi\u00e9s, m\u00eame si on avait commenc\u00e9 \u00e0 songer \u00e0 ses implications militaires. Du fait de la guerre, une arme nouvelle est n\u00e9e, et avec elle un type de combattant in\u00e9dit qui sort de l&rsquo;anonymat des tranch\u00e9es\u00a0: le combat a\u00e9rien engage un personnel restreint, et se limite \u2013 du moins au d\u00e9but \u2013 \u00e0 des duels dans les airs, o\u00f9 les qualit\u00e9s personnelles du pilote sont essentielles \u00e0 sa survie, donnant\u00a0 \u00e0 la guerre le caract\u00e8re d&rsquo;une comp\u00e9tition\u00a0 sportive alors qu&rsquo;au sol la mitrailleuse fauche indistinctement les combattants.<\/p>\n<p style=\"text-align: center;\">Autour des aviateurs s&rsquo;est construit un r\u00e9cit exaltant les exploits des \u00ab\u00a0As\u00a0\u00bb pr\u00e9sent\u00e9s comme des chevaliers de la guerre moderne et offrant au public des h\u00e9ros d&rsquo;un type nouveau, en liaison avec le caract\u00e8re attrayant et spectaculaire de l&rsquo;a\u00e9ronautique.<br \/>\nCette image a \u00e9t\u00e9 v\u00e9hicul\u00e9e par la propagande officielle, par la presse, et en particulier par une revue fond\u00e9e \u00e0 la fin de l&rsquo;ann\u00e9e 1916 par Jacques Mortane\u00a0: \u00ab\u00a0la guerre a\u00e9rienne illustr\u00e9e\u00a0\u00bb, qui para\u00eet jusque janvier 1919. Organe militant en faveur de la reconnaissance de l&rsquo;aviation comme une arme \u00e0 part enti\u00e8re aux c\u00f4t\u00e9s de l&rsquo;infanterie, de la cavalerie, de l&rsquo;artillerie et du g\u00e9nie, cette publication p\u00e9riodique hebdomadaire nous dresse au fil de ses num\u00e9ros un portrait de l&rsquo;\u00a0\u00ab\u00a0As\u00a0\u00bb, mais aussi des autres personnels de l&rsquo;aviation militaire (observateurs, m\u00e9caniciens&#8230;), portrait qu&rsquo;il faut confronter avec la r\u00e9alit\u00e9 de la guerre a\u00e9rienne, et de la guerre tout court.<\/p>\n<p style=\"text-align: center;\">Jean-Pierre Dournel<\/p>\n","protected":false},"excerpt":{"rendered":"<p>par Monsieur Jean-Pierre Dournel Agr\u00e9g\u00e9 d&rsquo;histoire, professeur honoraire de lettres sup\u00e9rieures Compte-rendu Monsieur jean-Pierre Dournel a donn\u00e9, vendredi 6 f\u00e9vrier 2015, une conf\u00e9rence au th\u00e8me original, fruit d&rsquo;un travail de recherche important.\u00a0 Le public a d\u00e9couvert avec beaucoup d&rsquo;int\u00e9r\u00eat le monde des aviateurs issus, dans les premi\u00e8res ann\u00e9es de la guerre, de la soci\u00e9t\u00e9 civile, &hellip; <a href=\"https:\/\/www.renaissance-vieux-boulogne.fr\/?p=516\" class=\"more-link\">Continuer la lecture de <span class=\"screen-reader-text\">Conf\u00e9rence sur l&rsquo;image de l&rsquo;aviateur fran\u00e7ais en 1914-1918, \u00e0 travers la propagande<\/span>  <span class=\"meta-nav\">&rarr;<\/span><\/a><\/p>\n","protected":false},"author":1,"featured_media":0,"comment_status":"closed","ping_status":"closed","sticky":false,"template":"","format":"standard","meta":{"footnotes":""},"categories":[7],"tags":[],"class_list":["post-516","post","type-post","status-publish","format-standard","hentry","category-conference"],"_links":{"self":[{"href":"https:\/\/www.renaissance-vieux-boulogne.fr\/index.php?rest_route=\/wp\/v2\/posts\/516","targetHints":{"allow":["GET"]}}],"collection":[{"href":"https:\/\/www.renaissance-vieux-boulogne.fr\/index.php?rest_route=\/wp\/v2\/posts"}],"about":[{"href":"https:\/\/www.renaissance-vieux-boulogne.fr\/index.php?rest_route=\/wp\/v2\/types\/post"}],"author":[{"embeddable":true,"href":"https:\/\/www.renaissance-vieux-boulogne.fr\/index.php?rest_route=\/wp\/v2\/users\/1"}],"replies":[{"embeddable":true,"href":"https:\/\/www.renaissance-vieux-boulogne.fr\/index.php?rest_route=%2Fwp%2Fv2%2Fcomments&post=516"}],"version-history":[{"count":11,"href":"https:\/\/www.renaissance-vieux-boulogne.fr\/index.php?rest_route=\/wp\/v2\/posts\/516\/revisions"}],"predecessor-version":[{"id":562,"href":"https:\/\/www.renaissance-vieux-boulogne.fr\/index.php?rest_route=\/wp\/v2\/posts\/516\/revisions\/562"}],"wp:attachment":[{"href":"https:\/\/www.renaissance-vieux-boulogne.fr\/index.php?rest_route=%2Fwp%2Fv2%2Fmedia&parent=516"}],"wp:term":[{"taxonomy":"category","embeddable":true,"href":"https:\/\/www.renaissance-vieux-boulogne.fr\/index.php?rest_route=%2Fwp%2Fv2%2Fcategories&post=516"},{"taxonomy":"post_tag","embeddable":true,"href":"https:\/\/www.renaissance-vieux-boulogne.fr\/index.php?rest_route=%2Fwp%2Fv2%2Ftags&post=516"}],"curies":[{"name":"wp","href":"https:\/\/api.w.org\/{rel}","templated":true}]}}