{"id":533,"date":"2015-02-18T17:25:49","date_gmt":"2015-02-18T16:25:49","guid":{"rendered":"http:\/\/www.renaissance-vieux-boulogne.fr\/?p=533"},"modified":"2015-04-24T17:57:47","modified_gmt":"2015-04-24T16:57:47","slug":"prochaine-sortie-de-calais-a-bourbourg-le-21-mars","status":"publish","type":"post","link":"https:\/\/www.renaissance-vieux-boulogne.fr\/?p=533","title":{"rendered":"Sortie \u00e0 Calais et Bourbourg"},"content":{"rendered":"<p style=\"text-align: center;\">\u00a0<strong>De Calais \u00e0 Bourbourg<\/strong><\/p>\n<p style=\"text-align: center;\"><strong>Renaissance du patrimoine civil et religieux<\/strong><\/p>\n<p style=\"text-align: center;\"><strong>Samedi 21 mars 2015<\/strong><\/p>\n<p><strong>\u00a0\u00a0\u00a0\u00a0\u00a0\u00a0\u00a0\u00a0\u00a0\u00a0\u00a0\u00a0\u00a0\u00a0\u00a0\u00a0\u00a0\u00a0\u00a0\u00a0\u00a0\u00a0\u00a0\u00a0\u00a0\u00a0\u00a0\u00a0\u00a0\u00a0\u00a0\u00a0\u00a0\u00a0\u00a0\u00a0 <\/strong><\/p>\n<p>Chers amies et amis,<\/p>\n<p>Renaissance du Vieux Boulogne vous propose d\u2019aller \u00e0 la rencontre du printemps , symbole de renaissance, avec la visite de prestigieux b\u00e2timents proches de chez nous qui ont b\u00e9n\u00e9fici\u00e9 de r\u00e9cents travaux de mise en valeur.<\/p>\n<p><!--more--><\/p>\n<p><strong>D\u00e9part de Boulogne<\/strong> (parking du Ch\u00e2teau-Mus\u00e9e uniquement)\u00a0<strong>: <\/strong><\/p>\n<p style=\"text-align: center;\"><strong>8 h 45<\/strong><\/p>\n<p><strong>9h30-10h30<\/strong>\u00a0: Visite guid\u00e9e de <strong>l\u2019\u00e9glise Notre-Dame de Calais<\/strong> par M. Dar\u00e9 qui pr\u00e9side l\u2019association oeuvrant pour sa restauration. L\u2019architecture\u00a0Tudor\u00a0rappelle l\u2019occupation de Calais par les troupes anglaises de 1347 \u00e0 1558. M. Dar\u00e9 nous pr\u00e9sentera les diverses \u00e9tapes de la restauration de l\u2019\u00e9glise o\u00f9 fut c\u00e9l\u00e9br\u00e9 en 1921 le mariage du capitaine de Gaulle avec une calaisienne. Le jardin Tudor, plant\u00e9 en 2014, entoure d\u00e9sormais le b\u00e2timent.<\/p>\n<p><strong>11h-12h<\/strong>\u00a0: Visite guid\u00e9e de <strong>l\u2019H\u00f4tel de ville<\/strong> de Calais de style Renaissance flamande avec des influences Tudor . Sa construction \u00e0 partir de 1911 a concr\u00e9tis\u00e9 la r\u00e9union des deux communes Calais et Saint-Pierre. Le <strong>beffroi,<\/strong> class\u00e9 au Patrimoine mondial de l\u2019UNESCO, accessible par ascenceur, vous permettra de d\u00e9couvrir une vue panoramique de la ville et du port.<\/p>\n<p><strong>12h30-14H30<\/strong>\u00a0: D\u00e9jeuner au <strong>ch\u00e2teau de Cocove,<\/strong> tr\u00e8s appr\u00e9ci\u00e9 lors d\u2019une r\u00e9cente sortie\u00a0.<\/p>\n<p><strong>15h-17h<\/strong>\u00a0: Visite guid\u00e9e de <strong>Bourbourg, <\/strong>cit\u00e9 flamande sortie des marais de Flandre d\u00e8s le XIe si\u00e8cle, puis de <strong>l\u2019\u00e9glise Saint-Jean-Baptiste<\/strong>, ruin\u00e9e par les bombardements de la Deuxi\u00e8me Guerre mondiale et objet d\u2019une patiente restauration depuis 1990\u00a0. Le <strong>Choeur de Lumi\u00e8re<\/strong> pr\u00e9sente un ensemble d\u2019une quinzaine de sculptures du Britannique <strong>Anthony Caro<\/strong>.<\/p>\n<p><strong>Retour \u00e0 Boulogne<\/strong>\u00a0:\u00a0\u00a0 <strong>18 h 15<\/strong><strong>,<\/strong>\u00a0\u00a0 <strong>Co\u00fbt de la sortie ( transport, repas, visites guid\u00e9es)<\/strong>\u00a0<strong>: 64 euros<\/strong><\/p>\n<p>J\u2019esp\u00e8re que ce programme s\u00e9duira un grand nombre d\u2019entre vous\u00a0.<\/p>\n<p>Amiti\u00e9s \u00e0 toutes et \u00e0 tous,\u00a0\u00a0 La Pr\u00e9sidente, Yvette Talfer<\/p>\n<p style=\"text-align: center;\"><a href=\"http:\/\/www.renaissance-vieux-boulogne.fr\/wp-content\/uploads\/2015\/02\/Calais_Bourbourg_inscription.pdf\">TELECHARGER LE BULLETIN D&rsquo;INSCRIPTION<\/a><\/p>\n<p>&nbsp;<\/p>\n","protected":false},"excerpt":{"rendered":"<p>\u00a0De Calais \u00e0 Bourbourg Renaissance du patrimoine civil et religieux Samedi 21 mars 2015 \u00a0\u00a0\u00a0\u00a0\u00a0\u00a0\u00a0\u00a0\u00a0\u00a0\u00a0\u00a0\u00a0\u00a0\u00a0\u00a0\u00a0\u00a0\u00a0\u00a0\u00a0\u00a0\u00a0\u00a0\u00a0\u00a0\u00a0\u00a0\u00a0\u00a0\u00a0\u00a0\u00a0\u00a0\u00a0\u00a0 Chers amies et amis, Renaissance du Vieux Boulogne vous propose d\u2019aller \u00e0 la rencontre du printemps , symbole de renaissance, avec la visite de prestigieux b\u00e2timents proches de chez nous qui ont b\u00e9n\u00e9fici\u00e9 de r\u00e9cents travaux de mise en valeur.<\/p>\n","protected":false},"author":1,"featured_media":0,"comment_status":"closed","ping_status":"closed","sticky":false,"template":"","format":"standard","meta":{"footnotes":""},"categories":[10],"tags":[],"class_list":["post-533","post","type-post","status-publish","format-standard","hentry","category-sortie"],"_links":{"self":[{"href":"https:\/\/www.renaissance-vieux-boulogne.fr\/index.php?rest_route=\/wp\/v2\/posts\/533","targetHints":{"allow":["GET"]}}],"collection":[{"href":"https:\/\/www.renaissance-vieux-boulogne.fr\/index.php?rest_route=\/wp\/v2\/posts"}],"about":[{"href":"https:\/\/www.renaissance-vieux-boulogne.fr\/index.php?rest_route=\/wp\/v2\/types\/post"}],"author":[{"embeddable":true,"href":"https:\/\/www.renaissance-vieux-boulogne.fr\/index.php?rest_route=\/wp\/v2\/users\/1"}],"replies":[{"embeddable":true,"href":"https:\/\/www.renaissance-vieux-boulogne.fr\/index.php?rest_route=%2Fwp%2Fv2%2Fcomments&post=533"}],"version-history":[{"count":6,"href":"https:\/\/www.renaissance-vieux-boulogne.fr\/index.php?rest_route=\/wp\/v2\/posts\/533\/revisions"}],"predecessor-version":[{"id":621,"href":"https:\/\/www.renaissance-vieux-boulogne.fr\/index.php?rest_route=\/wp\/v2\/posts\/533\/revisions\/621"}],"wp:attachment":[{"href":"https:\/\/www.renaissance-vieux-boulogne.fr\/index.php?rest_route=%2Fwp%2Fv2%2Fmedia&parent=533"}],"wp:term":[{"taxonomy":"category","embeddable":true,"href":"https:\/\/www.renaissance-vieux-boulogne.fr\/index.php?rest_route=%2Fwp%2Fv2%2Fcategories&post=533"},{"taxonomy":"post_tag","embeddable":true,"href":"https:\/\/www.renaissance-vieux-boulogne.fr\/index.php?rest_route=%2Fwp%2Fv2%2Ftags&post=533"}],"curies":[{"name":"wp","href":"https:\/\/api.w.org\/{rel}","templated":true}]}}