{"id":541,"date":"2015-02-26T19:56:26","date_gmt":"2015-02-26T18:56:26","guid":{"rendered":"http:\/\/www.renaissance-vieux-boulogne.fr\/?p=541"},"modified":"2017-08-02T18:40:20","modified_gmt":"2017-08-02T17:40:20","slug":"rencontres-malotdickens","status":"publish","type":"post","link":"https:\/\/www.renaissance-vieux-boulogne.fr\/?p=541","title":{"rendered":"Rencontres Malot\/Dickens"},"content":{"rendered":"<p style=\"text-align: left;\"><a href=\"http:\/\/www.renaissance-vieux-boulogne.fr\/wp-content\/uploads\/2015\/02\/programme_conferences.jpg\"><img loading=\"lazy\" decoding=\"async\" class=\"size-medium wp-image-1608 aligncenter\" src=\"http:\/\/www.renaissance-vieux-boulogne.fr\/wp-content\/uploads\/2015\/02\/programme_conferences-300x139.jpg\" alt=\"\" width=\"300\" height=\"139\" srcset=\"https:\/\/www.renaissance-vieux-boulogne.fr\/wp-content\/uploads\/2015\/02\/programme_conferences-300x139.jpg 300w, https:\/\/www.renaissance-vieux-boulogne.fr\/wp-content\/uploads\/2015\/02\/programme_conferences-768x356.jpg 768w, https:\/\/www.renaissance-vieux-boulogne.fr\/wp-content\/uploads\/2015\/02\/programme_conferences-1024x475.jpg 1024w\" sizes=\"auto, (max-width: 300px) 100vw, 300px\" \/><\/a><\/p>\n<p style=\"text-align: left;\">Sans nul doute Charles Dickens a influenc\u00e9 Hector Malot. Dans une des chroniques litt\u00e9raires que ce dernier r\u00e9dige en d\u00e9but de carri\u00e8re, il dit son admiration pour l&rsquo;\u00e9crivain britannique. Il loue la fa\u00e7on dont il sut d\u00e9noncer les injustices sociales et les carcans d&rsquo;une administration aveugle, sans choquer ses lecteurs.<\/p>\n<p style=\"text-align: left;\"><em>Renaissance du Vieux Boulogne<\/em> s&rsquo;est associ\u00e9e aux <em>Amis de Charles Dickens<\/em> et aux <em>Amis d&rsquo;Hector Malot <\/em>pour une s\u00e9rie de conf\u00e9rences consacr\u00e9es aux liens entre les deux romanciers.<!--more--><\/p>\n<p style=\"text-align: center;\"><strong>Rendez-vous le samedi 28 mars2015<\/strong><\/p>\n<p style=\"text-align: center;\"><strong>Salle Cassar<\/strong><\/p>\n<p style=\"text-align: center;\">Biblioth\u00e8que des Annonciades, Place de la R\u00e9sistance<\/p>\n<p style=\"text-align: center;\">Boulogne-sur-mer<\/p>\n<p style=\"text-align: center;\">\u00e0 14h30<\/p>\n<p style=\"text-align: center;\">Entr\u00e9e libre et gratuite<\/p>\n<p style=\"text-align: center;\">Pour lire les articles issus des conf\u00e9rences, connectez-vous sur le site des Amis d&rsquo;Hector Malot, onglet Recherche<\/p>\n<p><a href=\"http:\/\/www.hector-malot.org\/5-RECHERCHE-REVUE-EN-LIGNE-PERRINE-\/5-B-Articles-et-travaux-sur-Hector-Malot-et-son-oeuvre\/Autour-d-Hector-Malot-et-Charles-Dickens-AG-2015\" target=\"_blank\" rel=\"noopener noreferrer\">http:\/\/www.hector-malot.org\/5-RECHERCHE-REVUE-EN-LIGNE-PERRINE-\/5-B-Articles-et-travaux-sur-Hector-Malot-et-son-oeuvre\/Autour-d-Hector-Malot-et-Charles-Dickens-AG-2015<\/a><\/p>\n<p><a href=\"http:\/\/www.renaissance-vieux-boulogne.fr\/?p=1015\" target=\"_blank\" rel=\"noopener noreferrer\">L&rsquo;article d&rsquo;Emilie Perrichon sur les pensonniats anglais \u00e0 Boulogne-sur-mer para\u00eetra dans le num\u00e9ro 72 des Cahiers du Patrimoine Boulonnais<\/a><\/p>\n","protected":false},"excerpt":{"rendered":"<p>Sans nul doute Charles Dickens a influenc\u00e9 Hector Malot. Dans une des chroniques litt\u00e9raires que ce dernier r\u00e9dige en d\u00e9but de carri\u00e8re, il dit son admiration pour l&rsquo;\u00e9crivain britannique. Il loue la fa\u00e7on dont il sut d\u00e9noncer les injustices sociales et les carcans d&rsquo;une administration aveugle, sans choquer ses lecteurs. Renaissance du Vieux Boulogne s&rsquo;est &hellip; <a href=\"https:\/\/www.renaissance-vieux-boulogne.fr\/?p=541\" class=\"more-link\">Continuer la lecture de <span class=\"screen-reader-text\">Rencontres Malot\/Dickens<\/span>  <span class=\"meta-nav\">&rarr;<\/span><\/a><\/p>\n","protected":false},"author":1,"featured_media":0,"comment_status":"closed","ping_status":"closed","sticky":false,"template":"","format":"standard","meta":{"footnotes":""},"categories":[7],"tags":[],"class_list":["post-541","post","type-post","status-publish","format-standard","hentry","category-conference"],"_links":{"self":[{"href":"https:\/\/www.renaissance-vieux-boulogne.fr\/index.php?rest_route=\/wp\/v2\/posts\/541","targetHints":{"allow":["GET"]}}],"collection":[{"href":"https:\/\/www.renaissance-vieux-boulogne.fr\/index.php?rest_route=\/wp\/v2\/posts"}],"about":[{"href":"https:\/\/www.renaissance-vieux-boulogne.fr\/index.php?rest_route=\/wp\/v2\/types\/post"}],"author":[{"embeddable":true,"href":"https:\/\/www.renaissance-vieux-boulogne.fr\/index.php?rest_route=\/wp\/v2\/users\/1"}],"replies":[{"embeddable":true,"href":"https:\/\/www.renaissance-vieux-boulogne.fr\/index.php?rest_route=%2Fwp%2Fv2%2Fcomments&post=541"}],"version-history":[{"count":18,"href":"https:\/\/www.renaissance-vieux-boulogne.fr\/index.php?rest_route=\/wp\/v2\/posts\/541\/revisions"}],"predecessor-version":[{"id":1610,"href":"https:\/\/www.renaissance-vieux-boulogne.fr\/index.php?rest_route=\/wp\/v2\/posts\/541\/revisions\/1610"}],"wp:attachment":[{"href":"https:\/\/www.renaissance-vieux-boulogne.fr\/index.php?rest_route=%2Fwp%2Fv2%2Fmedia&parent=541"}],"wp:term":[{"taxonomy":"category","embeddable":true,"href":"https:\/\/www.renaissance-vieux-boulogne.fr\/index.php?rest_route=%2Fwp%2Fv2%2Fcategories&post=541"},{"taxonomy":"post_tag","embeddable":true,"href":"https:\/\/www.renaissance-vieux-boulogne.fr\/index.php?rest_route=%2Fwp%2Fv2%2Ftags&post=541"}],"curies":[{"name":"wp","href":"https:\/\/api.w.org\/{rel}","templated":true}]}}