{"id":614,"date":"2015-04-24T17:44:26","date_gmt":"2015-04-24T16:44:26","guid":{"rendered":"http:\/\/www.renaissance-vieux-boulogne.fr\/?p=614"},"modified":"2015-09-10T20:26:40","modified_gmt":"2015-09-10T19:26:40","slug":"sortie-rouen","status":"publish","type":"post","link":"https:\/\/www.renaissance-vieux-boulogne.fr\/?p=614","title":{"rendered":"Sortie \u00e0 Rouen"},"content":{"rendered":"<p><strong><em>\u00a0\u00a0 Renaissance<\/em><\/strong> \u00a0\u00a0\u00a0\u00a0\u00a0\u00a0\u00a0\u00a0\u00a0\u00a0\u00a0\u00a0\u00a0\u00a0\u00a0\u00a0\u00a0\u00a0\u00a0\u00a0\u00a0\u00a0\u00a0\u00a0\u00a0\u00a0\u00a0\u00a0\u00a0\u00a0\u00a0\u00a0\u00a0\u00a0\u00a0\u00a0\u00a0\u00a0\u00a0\u00a0 Boulogne-sur-Mer, le 20 avril 2015<\/p>\n<p><strong><em>\u00a0\u00a0\u00a0\u00a0\u00a0\u00a0\u00a0\u00a0\u00a0\u00a0 Du<\/em><\/strong><\/p>\n<p><strong><em> Vieux Boulogne<\/em><\/strong><em>\u00a0\u00a0\u00a0\u00a0\u00a0\u00a0\u00a0\u00a0\u00a0\u00a0\u00a0\u00a0 \u00a0\u00a0\u00a0\u00a0\u00a0\u00a0\u00a0\u00a0\u00a0\u00a0\u00a0\u00a0\u00a0\u00a0\u00a0\u00a0\u00a0\u00a0\u00a0\u00a0\u00a0\u00a0\u00a0\u00a0\u00a0\u00a0\u00a0\u00a0\u00a0\u00a0\u00a0\u00a0\u00a0<\/em><\/p>\n<p><strong>\u00a0\u00a0\u00a0\u00a0\u00a0\u00a0\u00a0\u00a0\u00a0\u00a0\u00a0\u00a0\u00a0\u00a0\u00a0\u00a0\u00a0\u00a0\u00a0\u00a0\u00a0\u00a0\u00a0\u00a0\u00a0\u00a0\u00a0\u00a0\u00a0\u00a0\u00a0\u00a0\u00a0\u00a0\u00a0\u00a0 \u00a0\u00a0\u00a0\u00a0\u00a0\u00a0\u00a0\u00a0\u00a0\u00a0\u00a0\u00a0\u00a0\u00a0\u00a0\u00a0\u00a0\u00a0\u00a0\u00a0\u00a0\u00a0 L\u2019Historial Jeanne d\u2019Arc\u00a0\u00a0 <\/strong><\/p>\n<p><strong>\u00a0\u00a0\u00a0\u00a0\u00a0\u00a0\u00a0\u00a0\u00a0\u00a0\u00a0\u00a0\u00a0\u00a0\u00a0\u00a0\u00a0\u00a0\u00a0\u00a0\u00a0\u00a0\u00a0\u00a0\u00a0\u00a0\u00a0\u00a0\u00a0\u00a0\u00a0\u00a0\u00a0\u00a0\u00a0\u00a0 \u00a0\u00a0\u00a0\u00a0\u00a0\u00a0\u00a0\u00a0\u00a0\u00a0\u00a0\u00a0\u00a0\u00a0\u00a0\u00a0\u00a0\u00a0\u00a0\u00a0\u00a0 et les Hauts Lieux de Rouen <\/strong><\/p>\n<p><strong>\u00a0\u00a0\u00a0\u00a0\u00a0\u00a0\u00a0\u00a0\u00a0\u00a0\u00a0\u00a0\u00a0\u00a0\u00a0\u00a0\u00a0\u00a0\u00a0\u00a0\u00a0\u00a0\u00a0\u00a0\u00a0\u00a0\u00a0\u00a0\u00a0\u00a0\u00a0\u00a0\u00a0\u00a0\u00a0\u00a0\u00a0\u00a0\u00a0\u00a0\u00a0\u00a0\u00a0\u00a0 \u00a0\u00a0\u00a0\u00a0\u00a0\u00a0\u00a0\u00a0\u00a0\u00a0\u00a0\u00a0\u00a0\u00a0\u00a0\u00a0\u00a0\u00a0\u00a0\u00a0\u00a0samedi 6 juin 2015\u00a0\u00a0\u00a0\u00a0\u00a0\u00a0 <\/strong><\/p>\n<p>Chers amies et amis,<\/p>\n<p><strong>\u00ab\u00a0DE l\u2019HISTOIRE AU MYTHE<\/strong>\u00a0\u00bb c\u2019est ainsi qu\u2019est pr\u00e9sent\u00e9 <strong>l\u2019Historial Jeanne d\u2019Arc<\/strong> qui est ouvert au public depuis d\u00e9but avril 2015 dans le cadre du Palais archi\u00e9piscopal de la capitale normande. Nous vous proposons d\u2019y (re)d\u00e9couvrir <strong>de 10 h \u00e0 11 h 45<\/strong> l\u2019histoire de cette h\u00e9ro\u00efne de l\u2019histoire de France telle qu\u2019elle a \u00e9t\u00e9 interpr\u00e9t\u00e9e au fil des si\u00e8cles.<\/p>\n<p>De <strong>12 \u00e0 14 h<\/strong> <strong>nous d\u00e9jeunerons dans un restaurant du centre-ville<\/strong> o\u00f9 notre guide nous rejoindra pour une <strong>visite guid\u00e9e des Hauts Lieux de Rouen<\/strong><strong> de 14 \u00e0 16 h<\/strong>. C\u2019est toute l\u2019histoire de Rouen et de la vall\u00e9e de la Seine que vous sera pr\u00e9sent\u00e9e au fil de cette promenade p\u00e9destre\u00a0: Cath\u00e9drale Notre-Dame, Eglise et A\u00eetre Saint-Maclou, Gros-Horloge, Parlement de Normandie, H\u00f4tel de Bourgtheroulde, Eglise Sainte Jeanne d\u2019Arc et Place du Vieux-March\u00e9. Tous les styles y sont repr\u00e9sent\u00e9s, du Moyen-Age \u00e0 l\u2019architecture moderne, en passant par la Renaissance et l\u2019\u00e9poque classique sans oublier la reconstruction.<\/p>\n<p>De <strong>16 \u00e0 17 h<\/strong> un <strong>temps libre<\/strong> vous permettra de flaner \u00e0 votre guise dans la ville.<\/p>\n<p><strong>Prix de la journ\u00e9e<\/strong>\u00a0: transport, visites et repas compris\u00a0: <strong>72 euros<\/strong><\/p>\n<p><strong>D\u00e9part <\/strong>de Boulogne, parking du <strong>Ch\u00e2teau-Mus\u00e9e\u00a0: 7 h 30, <\/strong> <strong>retour<\/strong> pr\u00e9vu \u00e0 <strong>19 h 30<\/strong><\/p>\n<p>Bulletin d\u2019inscription \u00e0 retourner <strong>avant le 13 mai 2015<\/strong> .<\/p>\n<p>Amiti\u00e9s \u00e0 toutes et \u00e0 tous,<\/p>\n<p>Yvette Talfer, Pr\u00e9sidente de Renaissance du Vieux Boulogne<\/p>\n<p>&nbsp;<\/p>\n<p style=\"text-align: center;\"><a href=\"http:\/\/www.renaissance-vieux-boulogne.fr\/wp-content\/uploads\/2015\/04\/Rouen_inscription.pdf\">TELECHARGER LE BULLETIN D&rsquo;INSCRIPTION<\/a><\/p>\n<p>&nbsp;<\/p>\n<p>&nbsp;<\/p>\n<p>&nbsp;<\/p>\n","protected":false},"excerpt":{"rendered":"<p>\u00a0\u00a0 Renaissance \u00a0\u00a0\u00a0\u00a0\u00a0\u00a0\u00a0\u00a0\u00a0\u00a0\u00a0\u00a0\u00a0\u00a0\u00a0\u00a0\u00a0\u00a0\u00a0\u00a0\u00a0\u00a0\u00a0\u00a0\u00a0\u00a0\u00a0\u00a0\u00a0\u00a0\u00a0\u00a0\u00a0\u00a0\u00a0\u00a0\u00a0\u00a0\u00a0\u00a0 Boulogne-sur-Mer, le 20 avril 2015 \u00a0\u00a0\u00a0\u00a0\u00a0\u00a0\u00a0\u00a0\u00a0\u00a0 Du Vieux Boulogne\u00a0\u00a0\u00a0\u00a0\u00a0\u00a0\u00a0\u00a0\u00a0\u00a0\u00a0\u00a0 \u00a0\u00a0\u00a0\u00a0\u00a0\u00a0\u00a0\u00a0\u00a0\u00a0\u00a0\u00a0\u00a0\u00a0\u00a0\u00a0\u00a0\u00a0\u00a0\u00a0\u00a0\u00a0\u00a0\u00a0\u00a0\u00a0\u00a0\u00a0\u00a0\u00a0\u00a0\u00a0\u00a0 \u00a0\u00a0\u00a0\u00a0\u00a0\u00a0\u00a0\u00a0\u00a0\u00a0\u00a0\u00a0\u00a0\u00a0\u00a0\u00a0\u00a0\u00a0\u00a0\u00a0\u00a0\u00a0\u00a0\u00a0\u00a0\u00a0\u00a0\u00a0\u00a0\u00a0\u00a0\u00a0\u00a0\u00a0\u00a0\u00a0 \u00a0\u00a0\u00a0\u00a0\u00a0\u00a0\u00a0\u00a0\u00a0\u00a0\u00a0\u00a0\u00a0\u00a0\u00a0\u00a0\u00a0\u00a0\u00a0\u00a0\u00a0\u00a0 L\u2019Historial Jeanne d\u2019Arc\u00a0\u00a0 \u00a0\u00a0\u00a0\u00a0\u00a0\u00a0\u00a0\u00a0\u00a0\u00a0\u00a0\u00a0\u00a0\u00a0\u00a0\u00a0\u00a0\u00a0\u00a0\u00a0\u00a0\u00a0\u00a0\u00a0\u00a0\u00a0\u00a0\u00a0\u00a0\u00a0\u00a0\u00a0\u00a0\u00a0\u00a0\u00a0 \u00a0\u00a0\u00a0\u00a0\u00a0\u00a0\u00a0\u00a0\u00a0\u00a0\u00a0\u00a0\u00a0\u00a0\u00a0\u00a0\u00a0\u00a0\u00a0\u00a0\u00a0 et les Hauts Lieux de Rouen \u00a0\u00a0\u00a0\u00a0\u00a0\u00a0\u00a0\u00a0\u00a0\u00a0\u00a0\u00a0\u00a0\u00a0\u00a0\u00a0\u00a0\u00a0\u00a0\u00a0\u00a0\u00a0\u00a0\u00a0\u00a0\u00a0\u00a0\u00a0\u00a0\u00a0\u00a0\u00a0\u00a0\u00a0\u00a0\u00a0\u00a0\u00a0\u00a0\u00a0\u00a0\u00a0\u00a0\u00a0 \u00a0\u00a0\u00a0\u00a0\u00a0\u00a0\u00a0\u00a0\u00a0\u00a0\u00a0\u00a0\u00a0\u00a0\u00a0\u00a0\u00a0\u00a0\u00a0\u00a0\u00a0samedi 6 juin 2015\u00a0\u00a0\u00a0\u00a0\u00a0\u00a0 Chers amies et amis, \u00ab\u00a0DE l\u2019HISTOIRE AU MYTHE\u00a0\u00bb c\u2019est ainsi qu\u2019est pr\u00e9sent\u00e9 l\u2019Historial Jeanne d\u2019Arc qui est ouvert au public depuis d\u00e9but avril 2015 &hellip; <a href=\"https:\/\/www.renaissance-vieux-boulogne.fr\/?p=614\" class=\"more-link\">Continuer la lecture de <span class=\"screen-reader-text\">Sortie \u00e0 Rouen<\/span>  <span class=\"meta-nav\">&rarr;<\/span><\/a><\/p>\n","protected":false},"author":1,"featured_media":0,"comment_status":"closed","ping_status":"closed","sticky":false,"template":"","format":"standard","meta":{"footnotes":""},"categories":[10],"tags":[],"class_list":["post-614","post","type-post","status-publish","format-standard","hentry","category-sortie"],"_links":{"self":[{"href":"https:\/\/www.renaissance-vieux-boulogne.fr\/index.php?rest_route=\/wp\/v2\/posts\/614","targetHints":{"allow":["GET"]}}],"collection":[{"href":"https:\/\/www.renaissance-vieux-boulogne.fr\/index.php?rest_route=\/wp\/v2\/posts"}],"about":[{"href":"https:\/\/www.renaissance-vieux-boulogne.fr\/index.php?rest_route=\/wp\/v2\/types\/post"}],"author":[{"embeddable":true,"href":"https:\/\/www.renaissance-vieux-boulogne.fr\/index.php?rest_route=\/wp\/v2\/users\/1"}],"replies":[{"embeddable":true,"href":"https:\/\/www.renaissance-vieux-boulogne.fr\/index.php?rest_route=%2Fwp%2Fv2%2Fcomments&post=614"}],"version-history":[{"count":5,"href":"https:\/\/www.renaissance-vieux-boulogne.fr\/index.php?rest_route=\/wp\/v2\/posts\/614\/revisions"}],"predecessor-version":[{"id":674,"href":"https:\/\/www.renaissance-vieux-boulogne.fr\/index.php?rest_route=\/wp\/v2\/posts\/614\/revisions\/674"}],"wp:attachment":[{"href":"https:\/\/www.renaissance-vieux-boulogne.fr\/index.php?rest_route=%2Fwp%2Fv2%2Fmedia&parent=614"}],"wp:term":[{"taxonomy":"category","embeddable":true,"href":"https:\/\/www.renaissance-vieux-boulogne.fr\/index.php?rest_route=%2Fwp%2Fv2%2Fcategories&post=614"},{"taxonomy":"post_tag","embeddable":true,"href":"https:\/\/www.renaissance-vieux-boulogne.fr\/index.php?rest_route=%2Fwp%2Fv2%2Ftags&post=614"}],"curies":[{"name":"wp","href":"https:\/\/api.w.org\/{rel}","templated":true}]}}